{"id":645148,"date":"2026-01-06T16:45:12","date_gmt":"2026-01-06T16:45:12","guid":{"rendered":"https:\/\/www.europesays.com\/fr\/645148\/"},"modified":"2026-01-06T16:45:12","modified_gmt":"2026-01-06T16:45:12","slug":"1-appartement-se-reinvente-apres-le-depart-des-enfants","status":"publish","type":"post","link":"https:\/\/www.europesays.com\/fr\/645148\/","title":{"rendered":"1 appartement se r\u00e9invente apr\u00e8s le d\u00e9part des enfants"},"content":{"rendered":"<p>      <img loading=\"lazy\" decoding=\"async\" width=\"640\" height=\"480\" alt=\"Le nouveau salon\" title=\"Le nouveau salon\" class=\"zoomable\" data-pin-url=\"https:\/\/www.maisonapart.com\/edito\/visiter\/interieurs\/avant-aprs---un-appartement-se-rinvente-aprs-le-14224.php\" src=\"https:\/\/www.europesays.com\/fr\/wp-content\/uploads\/2026\/01\/20260105_095827_photo-1-ok-202524ruerencochemat9604-hdr-modifier.webp.webp\" \/>    <\/p>\n<p>Le nouveau salon \u00a9 Avoltis R\u00e9novation<\/p>\n<p><b>R\u00c9NOVATION PARTIELLE.<\/b> Parents de grands adultes, les propri\u00e9taires de cet appartement avaient envie d&rsquo;un vrai changement pour leur int\u00e9rieur. Ils se sont tourn\u00e9s vers la soci\u00e9t\u00e9 Avoltis R\u00e9novation pour se r\u00e9approprier les espaces de leur 120 m\u00b2 \u00e0 Vanves, supprimant une chambre pour gagner en confort. <\/p>\n<p>\u00ab\u00a0Nos clients voulaient vraiment se faire plaisir avec plus d&rsquo;espace\u00a0\u00bb, se souvient Alice Romagnon, architecte d&rsquo;int\u00e9rieur au sein de la soci\u00e9t\u00e9 Avoltis R\u00e9novation, \u00e0 propos des propri\u00e9taires de cet appartement de 120 m\u00b2, situ\u00e9 dans un immeuble des ann\u00e9es 2000 \u00e0 Vanves. Pour \u00e9viter un d\u00e9m\u00e9nagement, ils ont donc entrepris une r\u00e9novation partielle de leur bien dans le but d&rsquo;agrandir les zones de vie et de cr\u00e9er une suite parentale plus spacieuse. <\/p>\n<p>Sur les quatre chambres pr\u00e9sentes \u00e0 l&rsquo;origine, trois seulement ont \u00e9t\u00e9 conserv\u00e9es pour cr\u00e9er une grande pi\u00e8ce de vie avec cuisine ouverte, salle \u00e0 manger et salon. En plus de la modification des cloisons, les travaux ont port\u00e9 sur l&rsquo;\u00e9lectricit\u00e9 et la plomberie. <\/p>\n<p>\u00a0<\/p>\n<p>Fiche technique :<br \/>\nQui vit ici ? Un couple d&rsquo;une soixantaine d&rsquo;ann\u00e9es<br \/>\nEmplacement : Vanves<br \/>\nSuperficie : la r\u00e9novation concerne 95 m\u00b2 sur les 120 m\u00b2 de l&rsquo;appartement<br \/>\nDate des travaux : 2025<br \/>\nDur\u00e9e des travaux : un mois de conception et cinq pour la r\u00e9alisation<br \/>\nBudget : 147.400 euros, dont 20.000 euros de menuiseries sur mesure<\/p>\n<p><b><a href=\"https:\/\/www.maisonapart.com\/edito\/visiter\/interieurs\/javascript:void(0);\" class=\"vide\" onclick=\"this.href=\" https:=\"\" target=\"_blank\" rel=\"noopener\">Avoltis R\u00e9novation<\/a>, 137 Av. Jean Jaur\u00e8s, 75019 Paris<\/b><\/p>\n<p>                <img decoding=\"async\" alt=\"Plans avant\/apr\u00e8s de l'appartement \" class=\"zoomtype_round03 zoomable\" id=\"zoom-target-695d3c15981ce\" data-zoom-image=\"https:\/\/www.europesays.com\/fr\/wp-content\/uploads\/2026\/01\/20260105_095908_photo-2-ok-capture-d-cran-2025-12-30-163729.jpg\" src=\"https:\/\/www.europesays.com\/fr\/wp-content\/uploads\/2026\/01\/20260105_095908_photo-2-ok-capture-d-cran-2025-12-30-163729.jpg\"\/><\/p>\n<p>Plans avant\/apr\u00e8s de l&rsquo;appartement  \u00a9 Avoltis R\u00e9novation<\/p>\n<p>\u00a0<\/p>\n<p>La demande principale consistait \u00e0 supprimer la chambre adjacente au salon pour agrandir la pi\u00e8ce de vie et cr\u00e9er une vraie suite parentale, avec de nombreux rangements am\u00e9nag\u00e9s dans le nouveau couloir menant \u00e0 celle-ci. Les WC d&rsquo;origine ont aussi \u00e9t\u00e9 int\u00e9gr\u00e9s \u00e0 la salle de bain pour obtenir une pi\u00e8ce plus confortable. <\/p>\n<p>L&rsquo;architecte d&rsquo;int\u00e9rieur a \u00e9galement propos\u00e9 d&rsquo;ouvrir la cuisine sur la zone de vie et de rogner une partie de la grande pi\u00e8ce pour ajouter une buanderie. \u00ab\u00a0Avec une superficie de 14 m\u00b2, la cuisine paraissait grande pour un couple qui ne cuisine pas. Nous avons donc pris 4 m\u00b2 de cette pi\u00e8ce pour am\u00e9nager une vraie buanderie avec points d&rsquo;eau. En ouvrant la pi\u00e8ce, nous sommes parvenus \u00e0 effacer visuellement cette r\u00e9duction sans diminuer le confort de la cuisine\u00a0\u00bb, d\u00e9taille Alice Romagnon. <\/p>\n<p><b>D\u00e9couvrez dans les pages suivantes, en images, la transformation avant\/apr\u00e8s des diff\u00e9rents espaces de cet appartement. <\/b><\/p>\n","protected":false},"excerpt":{"rendered":"Le nouveau salon \u00a9 Avoltis R\u00e9novation R\u00c9NOVATION PARTIELLE. Parents de grands adultes, les propri\u00e9taires de cet appartement avaient&hellip;\n","protected":false},"author":2,"featured_media":645149,"comment_status":"","ping_status":"","sticky":false,"template":"","format":"standard","meta":{"footnotes":""},"categories":[1358],"tags":[1348,1384,1385,1386,58,59,1011,27],"class_list":{"0":"post-645148","1":"post","2":"type-post","3":"status-publish","4":"format-standard","5":"has-post-thumbnail","7":"category-arts-et-design","8":"tag-arts","9":"tag-arts-and-design","10":"tag-arts-et-design","11":"tag-design","12":"tag-divertissement","13":"tag-entertainment","14":"tag-fr","15":"tag-france"},"share_on_mastodon":{"url":"https:\/\/pubeurope.com\/@fr\/115849168427786195","error":""},"_links":{"self":[{"href":"https:\/\/www.europesays.com\/fr\/wp-json\/wp\/v2\/posts\/645148","targetHints":{"allow":["GET"]}}],"collection":[{"href":"https:\/\/www.europesays.com\/fr\/wp-json\/wp\/v2\/posts"}],"about":[{"href":"https:\/\/www.europesays.com\/fr\/wp-json\/wp\/v2\/types\/post"}],"author":[{"embeddable":true,"href":"https:\/\/www.europesays.com\/fr\/wp-json\/wp\/v2\/users\/2"}],"replies":[{"embeddable":true,"href":"https:\/\/www.europesays.com\/fr\/wp-json\/wp\/v2\/comments?post=645148"}],"version-history":[{"count":0,"href":"https:\/\/www.europesays.com\/fr\/wp-json\/wp\/v2\/posts\/645148\/revisions"}],"wp:featuredmedia":[{"embeddable":true,"href":"https:\/\/www.europesays.com\/fr\/wp-json\/wp\/v2\/media\/645149"}],"wp:attachment":[{"href":"https:\/\/www.europesays.com\/fr\/wp-json\/wp\/v2\/media?parent=645148"}],"wp:term":[{"taxonomy":"category","embeddable":true,"href":"https:\/\/www.europesays.com\/fr\/wp-json\/wp\/v2\/categories?post=645148"},{"taxonomy":"post_tag","embeddable":true,"href":"https:\/\/www.europesays.com\/fr\/wp-json\/wp\/v2\/tags?post=645148"}],"curies":[{"name":"wp","href":"https:\/\/api.w.org\/{rel}","templated":true}]}}