{"id":645154,"date":"2026-01-06T16:49:11","date_gmt":"2026-01-06T16:49:11","guid":{"rendered":"https:\/\/www.europesays.com\/fr\/645154\/"},"modified":"2026-01-06T16:49:11","modified_gmt":"2026-01-06T16:49:11","slug":"il-se-moque-de-tout-le-monde-buen-camino-la-comedie-italienne-qui-bat-avatar-3-a-plates-coutures","status":"publish","type":"post","link":"https:\/\/www.europesays.com\/fr\/645154\/","title":{"rendered":"\u00ab Il se moque de tout le monde \u00bb : \u00ab\u00a0Buen Camino\u00a0\u00bb, la com\u00e9die italienne qui bat \u00ab\u00a0Avatar\u00a03\u00a0\u00bb \u00e0 plates coutures"},"content":{"rendered":"<p class=\"paragraph text_align_left lp-f-body-02\">Plus fort qu\u2019\u00ab Avatar \u00bb ! Alors que partout dans le monde, le troisi\u00e8me volet de la saga de James Cameron affiche un ph\u00e9nom\u00e9nal d\u00e9but de carri\u00e8re, <a href=\"https:\/\/www.leparisien.fr\/culture-loisirs\/cinema\/un-milliard-de-dollars-de-recettes-pour-avatar-3-cinq-minutes-pour-comprendre-lampleur-du-phenomene-05-01-2026-AEHDSNCUOFGJNIWZYSHBAYZZ7Y.php\" target=\"_self\" rel=\"noopener\">totalisant d\u00e9j\u00e0 un milliard de dollars de recettes<\/a>, une com\u00e9die italienne peut se targuer de faire encore mieux au box-office national. \u00ab Buen Camino \u00bb, sorti le 25 d\u00e9cembre, a en effet rassembl\u00e9 6,59 millions de spectateurs dans les salles transalpines en seulement onze jours, quand le blockbuster am\u00e9ricain, <a href=\"https:\/\/www.leparisien.fr\/culture-loisirs\/cinema\/avatar-3-plus-sombre-plus-spectaculaire-plus-merveilleux-coup-de-foudre-pour-de-feu-et-de-cendres-16-12-2025-M7KTUJMPDBEWHAZC6XSFWXM46E.php\" target=\"_self\" rel=\"noopener\">plus sombre que les pr\u00e9c\u00e9dents opus<\/a>, n\u2019en avait r\u00e9uni \u00ab que \u00bb 2,23 millions en dix-neuf jours d\u2019exploitation.<\/p>\n<p class=\"\">Le long-m\u00e9trage r\u00e9alis\u00e9 par Gennaro Nunziante raconte les m\u00e9saventures d\u2019un riche h\u00e9ritier inculte contraint d\u2019abandonner son train de vie luxueux pour retrouver sa fille adolescente\u2026 sur le chemin de Saint-Jacques-de-Compostelle. Sur l\u2019affiche, ils semblent plut\u00f4t mal assortis : lui, v\u00eatu d\u2019un impeccable costume bleu \u00e9lectrique et d\u2019\u00e9l\u00e9gants mocassins ; elle, sac de baroudeuse sur le dos, short en jeans d\u00e9chir\u00e9 et chaussures de marche aux pieds. Au terme du voyage, p\u00e8re et fille auront surmont\u00e9 bien des d\u00e9fis et d\u00e9couvert, ensemble, des valeurs importantes.<\/p>\n<p>\u00ab Il capte l\u2019air du temps \u00bb<\/p>\n<p class=\"\">Le com\u00e9dien Checco Zalone, qui a co\u00e9crit le sc\u00e9nario, n\u2019est pas \u00e9tranger \u00e0 ce succ\u00e8s, loin s\u2019en faut. R\u00e9v\u00e9l\u00e9 en Italie par ses chansons parodiques, le quadrag\u00e9naire est r\u00e9guli\u00e8rement \u00e0 l\u2019affiche de com\u00e9dies dans lequel il incarne un beauf qui fait hurler de rire les Italiens. De son vrai nom Luca Medici, l\u2019humoriste travaille souvent avec Gennaro Nunziante. En 2016, il tenait notamment le r\u00f4le principal de \u00ab Quo vado ? \u00bb, long-m\u00e9trage dont <a href=\"https:\/\/www.leparisien.fr\/culture-loisirs\/cinema\/tas-pas-change-de-jerome-commandeur-lhumour-cest-un-abces-quil-faut-crever-05-11-2025-3XWDHMNQ4NC2REAENTQ2TKO5QI.php\" target=\"_self\" rel=\"noopener\">J\u00e9r\u00f4me Commandeur<\/a> a sign\u00e9 le remake fran\u00e7ais \u00ab Irr\u00e9ductible \u00bb.\u00ab Checco, c\u2019est un ph\u00e9nom\u00e8ne en Italie, appuie Franco, 78 ans, originaire de Mod\u00e8ne, dans le centre du pays. Ses films sont ceux qui font le plus recette dans le pays. Il est tr\u00e8s dr\u00f4le. Ses personnages sont des Italiens typiques. Il se moque de tout le monde, la droite, la gauche, avec beaucoup d\u2019intelligence. \u00bb <\/p>\n<p class=\"\">Ses chiffres sont \u00e9loquents : \u00ab Tolo tolo \u00bb, sorti en 2020, a r\u00e9uni 6,67 millions de spectateurs avant que les salles ne ferment avec le confinement. Sept ans plus t\u00f4t, \u00ab Sole a catinelle \u00bb faisait trembler le box-office avec ses 8,5 millions de tickets vendus. \u00ab Comme beaucoup d\u2019Italiens, je suis all\u00e9 au cin\u00e9ma en me disant Checco a toujours fait des films formidables, allons voir, poursuit cet ancien industriel. Je ne m\u2019attendais pas \u00e0 aimer autant. Comme c\u2019est son cinqui\u00e8me, on conna\u00eet son humour maintenant. Mais celui-ci est plus percutant. \u00bb<\/p>\n<p class=\"\">Son point fort ? \u00ab Il capte l\u2019air du temps, estime encore Franco Manelli. Dans Buen Camino, il parle aussi de spiritualit\u00e9, \u00e0 travers le chemin de Saint-Jacques-de-Compostelle. En Italie, de plus en plus de jeunes se rapprochent de \u00e7a. \u00bb<\/p>\n","protected":false},"excerpt":{"rendered":"Plus fort qu\u2019\u00ab Avatar \u00bb ! Alors que partout dans le monde, le troisi\u00e8me volet de la saga&hellip;\n","protected":false},"author":2,"featured_media":645155,"comment_status":"","ping_status":"","sticky":false,"template":"","format":"standard","meta":{"footnotes":""},"categories":[1354],"tags":[650,872,58,59,1346,1011,27,1360],"class_list":{"0":"post-645154","1":"post","2":"type-post","3":"status-publish","4":"format-standard","5":"has-post-thumbnail","7":"category-films","8":"tag-cinema","9":"tag-culture-et-loisirs","10":"tag-divertissement","11":"tag-entertainment","12":"tag-films","13":"tag-fr","14":"tag-france","15":"tag-movies"},"share_on_mastodon":{"url":"https:\/\/pubeurope.com\/@fr\/115849184168470753","error":""},"_links":{"self":[{"href":"https:\/\/www.europesays.com\/fr\/wp-json\/wp\/v2\/posts\/645154","targetHints":{"allow":["GET"]}}],"collection":[{"href":"https:\/\/www.europesays.com\/fr\/wp-json\/wp\/v2\/posts"}],"about":[{"href":"https:\/\/www.europesays.com\/fr\/wp-json\/wp\/v2\/types\/post"}],"author":[{"embeddable":true,"href":"https:\/\/www.europesays.com\/fr\/wp-json\/wp\/v2\/users\/2"}],"replies":[{"embeddable":true,"href":"https:\/\/www.europesays.com\/fr\/wp-json\/wp\/v2\/comments?post=645154"}],"version-history":[{"count":0,"href":"https:\/\/www.europesays.com\/fr\/wp-json\/wp\/v2\/posts\/645154\/revisions"}],"wp:featuredmedia":[{"embeddable":true,"href":"https:\/\/www.europesays.com\/fr\/wp-json\/wp\/v2\/media\/645155"}],"wp:attachment":[{"href":"https:\/\/www.europesays.com\/fr\/wp-json\/wp\/v2\/media?parent=645154"}],"wp:term":[{"taxonomy":"category","embeddable":true,"href":"https:\/\/www.europesays.com\/fr\/wp-json\/wp\/v2\/categories?post=645154"},{"taxonomy":"post_tag","embeddable":true,"href":"https:\/\/www.europesays.com\/fr\/wp-json\/wp\/v2\/tags?post=645154"}],"curies":[{"name":"wp","href":"https:\/\/api.w.org\/{rel}","templated":true}]}}