{"id":64516,"date":"2025-04-30T13:51:12","date_gmt":"2025-04-30T13:51:12","guid":{"rendered":"https:\/\/www.europesays.com\/fr\/64516\/"},"modified":"2025-04-30T13:51:12","modified_gmt":"2025-04-30T13:51:12","slug":"strasbourg-fete-les-20-ans-de-son-sacre-en-coupe-de-la-ligue-alsasports","status":"publish","type":"post","link":"https:\/\/www.europesays.com\/fr\/64516\/","title":{"rendered":"Strasbourg f\u00eate les 20 ans de son sacre en Coupe de la Ligue ! \u2014 Alsa&rsquo;Sports"},"content":{"rendered":"<p><strong>Le 30 avril 2005 au Stade de France, le Racing Club de Strasbourg remportait la Coupe de la Ligue en battant le Stade Malherbe de Caen lors d\u2019une finale m\u00e9morable (<strong>2-1<\/strong><\/strong>)<strong>. Ce succ\u00e8s historique a offert au club alsacien un deuxi\u00e8me titre dans cette comp\u00e9tition et une place de choix dans le c\u0153ur de ses supporters.<\/strong><\/p>\n<p>Le 30 avril 2025 marque le vingti\u00e8me anniversaire d\u2019un moment phare de l\u2019histoire du Racing Club de Strasbourg : la conqu\u00eate de la Coupe de la Ligue 2005. Retour sur une soir\u00e9e m\u00e9morable qui a vu le club alsacien inscrire une nouvelle ligne \u00e0 son palmar\u00e8s et offrir \u00e0 ses supporters une \u00e9motion inoubliable.<\/p>\n<p><strong>Une finale haletante<\/strong><\/p>\n<p>L\u2019\u00e9dition 2004-2005 de la Coupe de la Ligue, onzi\u00e8me \u00e9dition de la comp\u00e9tition, a vu le Racing Club de Strasbourg s\u2019imposer avec brio. Apr\u00e8s avoir franchi les diff\u00e9rentes \u00e9tapes contre Lille, Clermont et Saint-\u00c9tienne, le Racing acc\u00e8de \u00e0 la finale, disput\u00e9e au Stade de France devant 78 732 spectateurs, face au Stade Malherbe de Caen. Ce 30 avril 2005, sous la houlette de l\u2019entra\u00eeneur Jacky Dugu\u00e9p\u00e9roux, Strasbourg ouvre le score \u00e0 la 38e minute gr\u00e2ce \u00e0 Mamadou Niang. Caen r\u00e9plique rapidement par S\u00e9bastien Mazure (42e), mais c\u2019est un superbe coup franc de Jean-Christophe Devaux \u00e0 la 79e minute qui offre la victoire aux Alsaciens (2-1). Cette performance scelle le deuxi\u00e8me sacre du club dans cette comp\u00e9tition, apr\u00e8s celui de 1997.\u00a0<\/p>\n<p><strong>Les H\u00e9ros du soir\u00a0<\/strong><\/p>\n<p>Comment \u00e9voquer la victoire du Racing lors de cette soir\u00e9e d\u2019avril 2005 sans rendre hommage aux joueurs qui en ont \u00e9t\u00e9 les artisans ? Si la paire offensive Pagis-Niang a marqu\u00e9 les esprits, c\u2019est Mamadou Niang qui a lanc\u00e9 les hostilit\u00e9s en ouvrant le score \u00e0 la 38e minute. \u00c0 la r\u00e9ception d\u2019un centre au second poteau, il place une t\u00eate crois\u00e9e imparable pour le gardien caennais. Mais le h\u00e9ros incontestable de la rencontre reste Jean-Christophe Devaux : \u00e0 la 79e minute, il inscrit le but d\u00e9cisif d\u2019un coup franc somptueux, frapp\u00e9 du coup du pied \u00e0 24 m\u00e8tres, offrant ainsi au Racing une pr\u00e9cieuse victoire 2-1 en finale de la Coupe de la Ligue. R\u00e9my Vercoutre, solide dans ses cages, a su pr\u00e9server l\u2019avantage jusqu\u2019au coup de sifflet final. Quant \u00e0 Arthur Boka, v\u00e9ritable dynamiteur sur le flanc gauche, il est \u00e0 l\u2019origine de l\u2019action qui conduit au coup franc victorieux.<\/p>\n<p>Le Racing Club de Strasbourg, et ses trois titres en Coupe de la Ligue (1997, 2005, 2019), reste un acteur notable du football fran\u00e7ais, et ce 20e anniversaire rappelle combien la passion et la ferveur alsacienne peuvent transcender tout un collectif pour aller chercher la victoire ! \u00a0<\/p>\n","protected":false},"excerpt":{"rendered":"Le 30 avril 2005 au Stade de France, le Racing Club de Strasbourg remportait la Coupe de la&hellip;\n","protected":false},"author":2,"featured_media":64517,"comment_status":"","ping_status":"","sticky":false,"template":"","format":"standard","meta":{"footnotes":""},"categories":[2820],"tags":[1111,11,2260,1777,674,63,1011,27,775,12,4448,25,640],"class_list":{"0":"post-64516","1":"post","2":"type-post","3":"status-publish","4":"format-standard","5":"has-post-thumbnail","7":"category-strasbourg","8":"tag-actu","9":"tag-actualites","10":"tag-coupe-de-la-ligue","11":"tag-eu","12":"tag-europe","13":"tag-football","14":"tag-fr","15":"tag-france","16":"tag-grand-est","17":"tag-news","18":"tag-rc-strasbourg","19":"tag-republique-francaise","20":"tag-strasbourg"},"share_on_mastodon":{"url":"https:\/\/pubeurope.com\/@fr\/114427244331326970","error":""},"_links":{"self":[{"href":"https:\/\/www.europesays.com\/fr\/wp-json\/wp\/v2\/posts\/64516","targetHints":{"allow":["GET"]}}],"collection":[{"href":"https:\/\/www.europesays.com\/fr\/wp-json\/wp\/v2\/posts"}],"about":[{"href":"https:\/\/www.europesays.com\/fr\/wp-json\/wp\/v2\/types\/post"}],"author":[{"embeddable":true,"href":"https:\/\/www.europesays.com\/fr\/wp-json\/wp\/v2\/users\/2"}],"replies":[{"embeddable":true,"href":"https:\/\/www.europesays.com\/fr\/wp-json\/wp\/v2\/comments?post=64516"}],"version-history":[{"count":0,"href":"https:\/\/www.europesays.com\/fr\/wp-json\/wp\/v2\/posts\/64516\/revisions"}],"wp:featuredmedia":[{"embeddable":true,"href":"https:\/\/www.europesays.com\/fr\/wp-json\/wp\/v2\/media\/64517"}],"wp:attachment":[{"href":"https:\/\/www.europesays.com\/fr\/wp-json\/wp\/v2\/media?parent=64516"}],"wp:term":[{"taxonomy":"category","embeddable":true,"href":"https:\/\/www.europesays.com\/fr\/wp-json\/wp\/v2\/categories?post=64516"},{"taxonomy":"post_tag","embeddable":true,"href":"https:\/\/www.europesays.com\/fr\/wp-json\/wp\/v2\/tags?post=64516"}],"curies":[{"name":"wp","href":"https:\/\/api.w.org\/{rel}","templated":true}]}}