{"id":645160,"date":"2026-01-06T16:52:17","date_gmt":"2026-01-06T16:52:17","guid":{"rendered":"https:\/\/www.europesays.com\/fr\/645160\/"},"modified":"2026-01-06T16:52:17","modified_gmt":"2026-01-06T16:52:17","slug":"nagui-repond-avec-ironie-aux-accusations-de-charles-alloncle-sur-ses-revenus-dans-le-service-public","status":"publish","type":"post","link":"https:\/\/www.europesays.com\/fr\/645160\/","title":{"rendered":"Nagui r\u00e9pond avec ironie aux accusations de Charles Alloncle sur ses revenus dans le service public"},"content":{"rendered":"<p>Nagui a r\u00e9pondu aux accusations du d\u00e9put\u00e9 UDR Charles Alloncle. Agissant comme rapporteur de la <a href=\"https:\/\/www.20minutes.fr\/politique\/assemblee_nationale\/4192242-20251221-joue-procureur-charles-alloncle-rapporteur-udr-commission-enquete-audiovisuel-public\" target=\"_blank\" class=\"c-link c-link--is-underlined\" rel=\"noopener\">commission d\u2019enqu\u00eate sur l\u2019audiovisuel public<\/a>, le d\u00e9put\u00e9 de la 9e circonscription de l\u2019H\u00e9rault s\u2019en est pris \u00e0 l\u2019animateur de La Bande originale sur France Inter le mois dernier dans l\u2019\u00e9mission Les incorrectibles, affirmant \u00ab\u00a0au conditionnel\u00a0\u00bb et sans fournir de preuves que l\u2019animateur est \u00ab\u00a0<a href=\"https:\/\/www.20minutes.fr\/societe\/4192984-20251224-nagui-enrichi-plus-personne-argent-public-comme-affirme-depute-charles-alloncle\" target=\"_blank\" class=\"c-link c-link--is-underlined\" rel=\"noopener\">la\u202fpersonne qui s\u2019est le plus enrichie<\/a> sur les dix derni\u00e8res ann\u00e9es sur l\u2019argent public en France\u00a0\u00bb et qu\u2019il aurait empoch\u00e9 \u00ab\u00a0plusieurs centaines de millions d\u2019euros\u00a0\u00bb.<\/p>\n<p>En r\u00e9ponse, <a href=\"https:\/\/www.20minutes.fr\/arts-stars\/people\/4165286-20250725-intervilles-nagui-dit-avoir-habitude-haters-apres-critiques\" target=\"_blank\" class=\"c-link c-link--is-underlined\" rel=\"noopener\">Nagui<\/a> a publi\u00e9 hier sur Instagram <a href=\"https:\/\/www.instagram.com\/p\/DTJBNafAvZI\/?hl=fr&amp;img_index=1\" rel=\"nofollow noopener\" target=\"_blank\" class=\"c-link c-link--is-underlined\">un long message<\/a> revenant sur ces propos. \u00ab\u00a0Je me permets de vous \u00e9crire et surtout je me permets cette familiarit\u00e9 car il me semble, \u00e0 lire et suivre vos d\u00e9clarations, que j\u2019occupe une place toute particuli\u00e8re dans votre\u00a0coeur\u00bb, a-t-il lanc\u00e9, plein d\u2019ironie. \u00ab\u00a0Je me suis demand\u00e9 si vous maniiez avec talent et intelligence une forme d\u2019humour, de d\u00e9rision pamphl\u00e9taire ou si vous restiez au premier degr\u00e9\u00a0?\u00a0\u00bb<\/p>\n<p>R\u00e8glement de comptes<\/p>\n<p><a href=\"https:\/\/www.20minutes.fr\/arts-stars\/television\/4123177-20241125-intervilles-traite-woke-nagui-regle-gentiment-comptes-affaire-vachettes\" target=\"_blank\" class=\"c-link c-link--is-underlined\" rel=\"noopener\">L\u2019animateur<\/a> a ensuite rappel\u00e9 au proche d\u2019\u00c9ric Ciotti et de Jordan Bardella son parcours au sein du service public depuis les ann\u00e9es\u00a01980 et ses \u00ab\u00a0quelques d\u00e9rapages dans le priv\u00e9\u00a0\u00bb. \u00ab\u00a0Aujourd\u2019hui, je suis salari\u00e9 dans le public (France Inter) et dans le priv\u00e9 (Banijay) mais cela vous le savez, puisque je hante votre esprit, devrais-je dire \u00ab\u00a0nourris vos fantasmes\u00a0\u00bb pour \u00eatre juste\u00a0?\u00a0\u00bb, a-t-il poursuivi, notant au passage que Charles Alloncle avait organis\u00e9 une \u00ab\u00a0lev\u00e9e de fonds de pr\u00e8s de 50\u00a0millions d\u2019euros avec une nouvelle banque en ligne \u00ab\u00a0BLANK\u00a0\u00bb il y a 6\u00a0ans\u00a0\u00bb. \u00ab\u00a0Je sais tr\u00e8s bien que ces 50\u00a0millions d\u2019euros ne sont pas tomb\u00e9s dans votre poche et ici je n\u2019emploie plus le conditionnel\u00a0\u00bb, a-t-il ajout\u00e9.<\/p>\n<p>Le pr\u00e9sentateur de N\u2019oubliez pas les paroles\u00a0! a dress\u00e9 un tableau d\u00e9taill\u00e9 de ses activit\u00e9s, alors qu\u2019il est aussi actionnaire d\u2019Air Productions, la soci\u00e9t\u00e9 de production qu\u2019il a fond\u00e9e en\u00a01993 et revendue dans les ann\u00e9es\u00a02000 \u00e0 Banijay Group. \u00ab\u00a0Je ne suis pas salari\u00e9 de France T\u00e9l\u00e9visions, vous le savez\u00a0\u00bb, a-t-il ainsi rectifi\u00e9. \u00ab\u00a0J\u2019emploie des centaines de personnes qui fournissent un travail exemplaire qui, \u00e0 moindre co\u00fbt, rapporte de l\u2019audience, donc de l\u2019argent au service public. Mes jeux permettent au service public de gagner de l\u2019argent, on pourrait m\u00eame conclure que je rapporte de l\u2019argent \u00ab\u00a0aux contribuables\u00a0\u00bb.\u00a0\u00bb<\/p>\n<p>Mais alors, quel est le \u00ab\u00a0moteur\u00a0\u00bb de Charles Alloncle contre Nagui, qui s\u2019est aussi bien amus\u00e9, en \u00ab\u00a0bon fils de professeur de fran\u00e7ais\u00a0\u00bb, de l\u2019emploi pr\u00e9sum\u00e9 du conditionnel par le d\u00e9put\u00e9\u00a0? \u00ab\u00a0Serait-ce (encore du conditionnel) une volont\u00e9 de d\u00e9clencher l\u2019ire populiste, vu le nombre de messages de haine re\u00e7us que vos d\u00e9clarations ont engendr\u00e9\u00a0?\u00a0\u00bb, s\u2019est demand\u00e9 l\u2019animateur, avant de conclure, plus ferme\u00a0: \u00ab\u00a0Si tel est le cas, je vous proposerais (que de conditionnel d\u00e9cid\u00e9ment) de nous retrouver face \u00e0 un tribunal, non plus celui des r\u00e9seaux sociaux, ni celui des m\u00e9dias d\u2019opinion, non, un tribunal, un vrai.\u00a0\u00bb<\/p>\n<p><script async src=\"\/\/www.instagram.com\/embed.js\"><\/script><\/p>\n","protected":false},"excerpt":{"rendered":"Nagui a r\u00e9pondu aux accusations du d\u00e9put\u00e9 UDR Charles Alloncle. Agissant comme rapporteur de la commission d\u2019enqu\u00eate sur&hellip;\n","protected":false},"author":2,"featured_media":645161,"comment_status":"","ping_status":"","sticky":false,"template":"","format":"standard","meta":{"footnotes":""},"categories":[8],"tags":[422,58,59,6537,1011,27,9102,2400,7089,2440,1077,2681,10477,2680,973,68367,133],"class_list":{"0":"post-645160","1":"post","2":"type-post","3":"status-publish","4":"format-standard","5":"has-post-thumbnail","7":"category-divertissement","8":"tag-depute","9":"tag-divertissement","10":"tag-entertainment","11":"tag-eric-ciotti","12":"tag-fr","13":"tag-france","14":"tag-france-inter","15":"tag-france-televisions","16":"tag-herault","17":"tag-instagram","18":"tag-jordan-bardella","19":"tag-languedoc-roussillon","20":"tag-nagui","21":"tag-occitanie","22":"tag-people","23":"tag-taratata","24":"tag-video"},"share_on_mastodon":{"url":"https:\/\/pubeurope.com\/@fr\/115849195976977938","error":""},"_links":{"self":[{"href":"https:\/\/www.europesays.com\/fr\/wp-json\/wp\/v2\/posts\/645160","targetHints":{"allow":["GET"]}}],"collection":[{"href":"https:\/\/www.europesays.com\/fr\/wp-json\/wp\/v2\/posts"}],"about":[{"href":"https:\/\/www.europesays.com\/fr\/wp-json\/wp\/v2\/types\/post"}],"author":[{"embeddable":true,"href":"https:\/\/www.europesays.com\/fr\/wp-json\/wp\/v2\/users\/2"}],"replies":[{"embeddable":true,"href":"https:\/\/www.europesays.com\/fr\/wp-json\/wp\/v2\/comments?post=645160"}],"version-history":[{"count":0,"href":"https:\/\/www.europesays.com\/fr\/wp-json\/wp\/v2\/posts\/645160\/revisions"}],"wp:featuredmedia":[{"embeddable":true,"href":"https:\/\/www.europesays.com\/fr\/wp-json\/wp\/v2\/media\/645161"}],"wp:attachment":[{"href":"https:\/\/www.europesays.com\/fr\/wp-json\/wp\/v2\/media?parent=645160"}],"wp:term":[{"taxonomy":"category","embeddable":true,"href":"https:\/\/www.europesays.com\/fr\/wp-json\/wp\/v2\/categories?post=645160"},{"taxonomy":"post_tag","embeddable":true,"href":"https:\/\/www.europesays.com\/fr\/wp-json\/wp\/v2\/tags?post=645160"}],"curies":[{"name":"wp","href":"https:\/\/api.w.org\/{rel}","templated":true}]}}