{"id":645169,"date":"2026-01-06T16:57:14","date_gmt":"2026-01-06T16:57:14","guid":{"rendered":"https:\/\/www.europesays.com\/fr\/645169\/"},"modified":"2026-01-06T16:57:14","modified_gmt":"2026-01-06T16:57:14","slug":"epargne-salariale-les-francais-bientot-autorises-a-debloquer-jusqua-2-000-euros-sans-payer-dimpot","status":"publish","type":"post","link":"https:\/\/www.europesays.com\/fr\/645169\/","title":{"rendered":"Epargne salariale : les Fran\u00e7ais bient\u00f4t autoris\u00e9s \u00e0 d\u00e9bloquer jusqu&rsquo;\u00e0 2 000 euros sans payer d&rsquo;imp\u00f4t ?"},"content":{"rendered":"<p>        <img decoding=\"async\" src=\"https:\/\/www.europesays.com\/fr\/wp-content\/uploads\/2026\/01\/77f3aeedad2d193c3c24979e9d0553d2-760x431.jpg\" alt=\"Le gouvernement compte sur l'\u00e9pargne salariale pour booster la consommation des m\u00e9nages. (illustration) (Nattanan23 \/ Pixabay )\" loading=\"eager\" fetchpriority=\"high\" width=\"760\" height=\"431\" style=\"max-width: 100%!important; height: auto;\"\/><\/p>\n<p class=\"c-image-news__legend\">Le gouvernement compte sur l&rsquo;\u00e9pargne salariale pour booster la consommation des m\u00e9nages. (illustration) (Nattanan23 \/ Pixabay )<\/p>\n<p><strong><br \/>\n Pour soutenir la consommation, le gouvernement veut permettre aux salari\u00e9s de d\u00e9bloquer jusqu\u2019\u00e0 2 000 euros de leur \u00e9pargne salariale sans \u00eatre impos\u00e9s. L\u2019objectif est d\u2019encourager une utilisation imm\u00e9diate des primes d\u2019int\u00e9ressement et de participation.<br \/>\n<\/strong><\/p>\n<p>\n Pour booster la consommation des m\u00e9nages, le gouvernement souhaite encourager les salari\u00e9s \u00e0 percevoir directement leurs primes d\u2019int\u00e9ressement et de participation, plut\u00f4t que de les orienter vers des produits d\u2019\u00e9pargne.\n<\/p>\n<p>\n Selon<\/p>\n<p>  <a href=\"https:\/\/www.bfmtv.com\/economie\/entreprises\/info-bfm-business-pour-inciter-les-francais-a-consommer-le-gouvernement-veut-permettre-aux-salaries-de-debloquer-jusqu-a-2-000-euros-sur-leur-interessement-sans-payer-d-impot_AV-202601050669.html\" rel=\"nofollow noopener noreferrer\" target=\"_blank\"><br \/>\n   BFM Business<br \/>\n  <\/a><\/p>\n<p> , cette mesure est port\u00e9e par Serge Papin, ministre charg\u00e9 des PME, du Commerce et de l\u2019Artisanat. Le sujet a \u00e9t\u00e9 remis sur la table lors d\u2019une r\u00e9union avec les organisations patronales, en novembre 2025. L\u2019objectif est clair : assouplir la fiscalit\u00e9 de ces primes afin qu\u2019elles irriguent plus directement l\u2019\u00e9conomie r\u00e9elle.\n<\/p>\n<p> Un dispositif actuel qui privil\u00e9gie l\u2019\u00e9pargne<\/p>\n<p>\n Actuellement, environ 60 % des sommes vers\u00e9es par les entreprises au titre de l\u2019int\u00e9ressement et de la participation sont plac\u00e9es sur un plan d\u2019\u00e9pargne d\u2019entreprise (PEE) ou un plan d\u2019\u00e9pargne retraite collectif, contre 40 % seulement vers\u00e9es imm\u00e9diatement aux salari\u00e9s.\n<\/p>\n<p>\n Cette r\u00e9partition s\u2019explique largement par la fiscalit\u00e9. Lorsqu\u2019un salari\u00e9 choisit de percevoir ces primes sans les placer, elles sont soumises \u00e0 la CSG (9,2 %), \u00e0 la CRDS (0,5 %), mais aussi \u00e0 l\u2019imp\u00f4t sur le revenu. Elles doivent donc \u00eatre d\u00e9clar\u00e9es, ce qui augmente m\u00e9caniquement le revenu fiscal de r\u00e9f\u00e9rence. \u00c0 l\u2019inverse, les sommes plac\u00e9es sur un plan d\u2019\u00e9pargne peuvent \u00eatre exon\u00e9r\u00e9es d\u2019imp\u00f4t sur le revenu apr\u00e8s cinq ans, dans la limite annuelle de 35 325 euros, rendant cette option nettement plus attractive.\n<\/p>\n<p> Un d\u00e9blocage exceptionnel pour 2026<\/p>\n<p>\n Pour stimuler une utilisation imm\u00e9diate de ces sommes, le ministre envisage un assouplissement exceptionnel des r\u00e8gles de d\u00e9blocage de l\u2019int\u00e9ressement et de la participation en 2026. Le dispositif permettrait aux salari\u00e9s de percevoir jusqu\u2019\u00e0 2 000 euros sans fiscalit\u00e9 et concernerait les sommes vers\u00e9es sur les plans d\u2019\u00e9pargne d\u2019entreprise (PEE) avant le 31 d\u00e9cembre 2025.\n<\/p>\n<p>\n La mesure ciblerait les salari\u00e9s percevant maximum deux fois le SMIC, soit environ 3 millions de personnes, pour un montant global estim\u00e9 \u00e0 un peu moins de 4 milliards d\u2019euros. Cette mesure ferait l&rsquo;objet d&rsquo;un d\u00e9cret, afin d\u2019en acc\u00e9l\u00e9rer la mise en \u0153uvre.<\/p>\n","protected":false},"excerpt":{"rendered":"Le gouvernement compte sur l&rsquo;\u00e9pargne salariale pour booster la consommation des m\u00e9nages. (illustration) (Nattanan23 \/ Pixabay ) Pour&hellip;\n","protected":false},"author":2,"featured_media":645170,"comment_status":"","ping_status":"","sticky":false,"template":"","format":"standard","meta":{"footnotes":""},"categories":[2],"tags":[400,11,398,408,405,1011,27,403,402,399,404,12,401,406,407],"class_list":{"0":"post-645169","1":"post","2":"type-post","3":"status-publish","4":"format-standard","5":"has-post-thumbnail","7":"category-actualites","8":"tag-action-cac-40","9":"tag-actualites","10":"tag-bourse-de-paris","11":"tag-boursorama","12":"tag-cotations","13":"tag-fr","14":"tag-france","15":"tag-indices-devises","16":"tag-investir","17":"tag-investissement","18":"tag-marche-boursier","19":"tag-news","20":"tag-sicav","21":"tag-trackers","22":"tag-warrants"},"share_on_mastodon":{"url":"https:\/\/pubeurope.com\/@fr\/115849215708530347","error":""},"_links":{"self":[{"href":"https:\/\/www.europesays.com\/fr\/wp-json\/wp\/v2\/posts\/645169","targetHints":{"allow":["GET"]}}],"collection":[{"href":"https:\/\/www.europesays.com\/fr\/wp-json\/wp\/v2\/posts"}],"about":[{"href":"https:\/\/www.europesays.com\/fr\/wp-json\/wp\/v2\/types\/post"}],"author":[{"embeddable":true,"href":"https:\/\/www.europesays.com\/fr\/wp-json\/wp\/v2\/users\/2"}],"replies":[{"embeddable":true,"href":"https:\/\/www.europesays.com\/fr\/wp-json\/wp\/v2\/comments?post=645169"}],"version-history":[{"count":0,"href":"https:\/\/www.europesays.com\/fr\/wp-json\/wp\/v2\/posts\/645169\/revisions"}],"wp:featuredmedia":[{"embeddable":true,"href":"https:\/\/www.europesays.com\/fr\/wp-json\/wp\/v2\/media\/645170"}],"wp:attachment":[{"href":"https:\/\/www.europesays.com\/fr\/wp-json\/wp\/v2\/media?parent=645169"}],"wp:term":[{"taxonomy":"category","embeddable":true,"href":"https:\/\/www.europesays.com\/fr\/wp-json\/wp\/v2\/categories?post=645169"},{"taxonomy":"post_tag","embeddable":true,"href":"https:\/\/www.europesays.com\/fr\/wp-json\/wp\/v2\/tags?post=645169"}],"curies":[{"name":"wp","href":"https:\/\/api.w.org\/{rel}","templated":true}]}}