{"id":645173,"date":"2026-01-06T16:59:12","date_gmt":"2026-01-06T16:59:12","guid":{"rendered":"https:\/\/www.europesays.com\/fr\/645173\/"},"modified":"2026-01-06T16:59:12","modified_gmt":"2026-01-06T16:59:12","slug":"football-as-saint-etienne-ol-lyonnes-le-derby-de-coupe-de-france-delocalise-sur-synthetique","status":"publish","type":"post","link":"https:\/\/www.europesays.com\/fr\/645173\/","title":{"rendered":"Football. AS Saint-\u00c9tienne &#8211; OL Lyonnes\u00a0: le derby de Coupe de France d\u00e9localis\u00e9 sur synth\u00e9tique"},"content":{"rendered":"<p>Le 16\u1d49 de finale de Coupe de France qu\u2019OL Lyonnes s\u2019appr\u00eate \u00e0 disputer samedi \u00e0 14 h 30 face \u00e0 l\u2019AS Saint-\u00c9tienne n\u2019est d\u00e9cid\u00e9ment pas un long fleuve tranquille. Apr\u00e8s un changement de date \u2014 la rencontre ayant \u00e9t\u00e9 programm\u00e9e un jour plus t\u00f4t que pr\u00e9vu initialement \u2014 c\u2019est d\u00e9sormais une modification de stade qui intervient.<\/p>\n<p>\u00ab\u00a0En raison de la vague de froid qui s\u00e9vit actuellement dans l\u2019Hexagone, la rencontre de Coupe de France f\u00e9minine opposant l\u2019AS Saint-\u00c9tienne \u00e0 l\u2019OL Lyonnes se disputera finalement sur le terrain synth\u00e9tique du stade des Olli\u00e8res, \u00e0 L\u2019\u00c9trat (au lieu du terrain Salif-Keita, aux abords de Geoffroy-Guichard\u00a0; ndlr)\u00a0\u00bb, a indiqu\u00e9 le club st\u00e9phanois ce mardi.<\/p>\n<p>  Quid des supporters lyonnais\u00a0?<\/p>\n<p>Un stade qui ne dispose que de 100 places assises en tribune. Toutefois, \u00ab\u00a0plus de 1\u00a0000 personnes suppl\u00e9mentaires pourront suivre la rencontre depuis le pourtour du terrain\u00a0\u00bb, pr\u00e9cise l\u2019ASSE. \u00c0 noter que le prix d\u2019entr\u00e9e a \u00e9t\u00e9 fix\u00e9 \u00e0 3\u00a0euros.<\/p>\n<p>Reste une derni\u00e8re incertitude \u00e0 lever\u00a0: celle de la venue des supporters lyonnais. Lors du match aller de championnat dans la Loire (2-0 pour les Lyonnes), le contingent d\u2019une trentaine de fans des Fenottes n\u2019avait pas \u00e9t\u00e9 autoris\u00e9 \u00e0 faire le d\u00e9placement\u2026<\/p>\n","protected":false},"excerpt":{"rendered":"Le 16\u1d49 de finale de Coupe de France qu\u2019OL Lyonnes s\u2019appr\u00eate \u00e0 disputer samedi \u00e0 14 h 30&hellip;\n","protected":false},"author":2,"featured_media":645174,"comment_status":"","ping_status":"","sticky":false,"template":"","format":"standard","meta":{"footnotes":""},"categories":[9653],"tags":[1111,11,2430,15922,2757,1777,674,63,1011,27,2428,2756,12,2755,23153,25,2429,4001,517],"class_list":{"0":"post-645173","1":"post","2":"type-post","3":"status-publish","4":"format-standard","5":"has-post-thumbnail","7":"category-saint-etienne","8":"tag-actu","9":"tag-actualites","10":"tag-auvergne-rhone-alpes","11":"tag-coupe-de-france-de-football","12":"tag-edition-lyon-villeurbanne","13":"tag-eu","14":"tag-europe","15":"tag-football","16":"tag-fr","17":"tag-france","18":"tag-lyon","19":"tag-lyon-bassin","20":"tag-news","21":"tag-ol-olympique-lyonnais-football","22":"tag-ol-lyonnes-olympique-lyonnais-feminin","23":"tag-republique-francaise","24":"tag-rhone","25":"tag-saint-etienne","26":"tag-sport"},"share_on_mastodon":{"url":"https:\/\/pubeurope.com\/@fr\/115849223470029485","error":""},"_links":{"self":[{"href":"https:\/\/www.europesays.com\/fr\/wp-json\/wp\/v2\/posts\/645173","targetHints":{"allow":["GET"]}}],"collection":[{"href":"https:\/\/www.europesays.com\/fr\/wp-json\/wp\/v2\/posts"}],"about":[{"href":"https:\/\/www.europesays.com\/fr\/wp-json\/wp\/v2\/types\/post"}],"author":[{"embeddable":true,"href":"https:\/\/www.europesays.com\/fr\/wp-json\/wp\/v2\/users\/2"}],"replies":[{"embeddable":true,"href":"https:\/\/www.europesays.com\/fr\/wp-json\/wp\/v2\/comments?post=645173"}],"version-history":[{"count":0,"href":"https:\/\/www.europesays.com\/fr\/wp-json\/wp\/v2\/posts\/645173\/revisions"}],"wp:featuredmedia":[{"embeddable":true,"href":"https:\/\/www.europesays.com\/fr\/wp-json\/wp\/v2\/media\/645174"}],"wp:attachment":[{"href":"https:\/\/www.europesays.com\/fr\/wp-json\/wp\/v2\/media?parent=645173"}],"wp:term":[{"taxonomy":"category","embeddable":true,"href":"https:\/\/www.europesays.com\/fr\/wp-json\/wp\/v2\/categories?post=645173"},{"taxonomy":"post_tag","embeddable":true,"href":"https:\/\/www.europesays.com\/fr\/wp-json\/wp\/v2\/tags?post=645173"}],"curies":[{"name":"wp","href":"https:\/\/api.w.org\/{rel}","templated":true}]}}