{"id":645181,"date":"2026-01-06T17:03:17","date_gmt":"2026-01-06T17:03:17","guid":{"rendered":"https:\/\/www.europesays.com\/fr\/645181\/"},"modified":"2026-01-06T17:03:17","modified_gmt":"2026-01-06T17:03:17","slug":"municipales-a-toulon-la-deputee-rn-laure-lavalette-declare-officiellement-sa-candidature","status":"publish","type":"post","link":"https:\/\/www.europesays.com\/fr\/645181\/","title":{"rendered":"Municipales \u00e0 Toulon\u00a0: la d\u00e9put\u00e9e RN Laure Lavalette d\u00e9clare officiellement sa candidature"},"content":{"rendered":"<p class=\"p2\">\u00c0 deux mois des \u00e9lections municipales, <a href=\"https:\/\/www.valeursactuelles.com\/politique\/mettre-en-danger-ma-famille-je-ne-peux-plus-laisser-passer-la-deputee-rn-laure-lavalette-hausse-le-ton-contre-var-matin\" target=\"_blank\" rel=\"noopener\">la d\u00e9put\u00e9e RN<\/a> de la 2e circonscription du Var, Laure Lavalette, a officialis\u00e9 sa candidature \u00e0 la mairie de Toulon \u00ab\u00a0sans \u00e9tiquette\u00a0\u00bb, mais soutenue par le parti pr\u00e9sid\u00e9 par Jordan Bardella. <a href=\"https:\/\/www.francebleu.fr\/infos\/politique\/info-ici-provence-municipales-2026-laure-lavalette-declare-officiellement-sa-candidature-a-la-mairie-de-toulon-2324756\" target=\"_blank\" rel=\"nofollow noopener\">ICI Provence<\/a> s\u2019est procur\u00e9 la lettre envoy\u00e9e aux habitants intitul\u00e9e \u00ab\u00a0Un avenir pour Toulon\u00a0\u00bb. \u00ab\u00a0Je suis un peu une \u00e9tiquette d\u00e9j\u00e0 \u00e0 moi toute seule\u00a0\u00bb, d\u00e9clare celle qui affirme \u00eatre encourag\u00e9e par de nombreux Toulonnais. Selon elle, \u00ab\u00a0des gens\u00a0\u00bb lui disent : \u00ab\u00a0On n\u2019est pas RN, mais on a envie de voter pour vous\u00a0\u00bb. Laure Lavalette pr\u00e9cise que \u00ab\u00a0tr\u00e8s peu sont encart\u00e9s au RN\u00a0\u00bb au sein de sa liste.<\/p>\n<p><a href=\"https:\/\/www.valeursactuelles.com\/politique\/municipales-2026-laure-lavalette-donnee-tres-largement-en-tete-a-toulon\" class=\"h-flex h-align-items-center h-border-tb h-ptb-15\" target=\"_blank\" rel=\"noopener\">A\u00a0LIRE\u00a0Municipales 2026 : Laure Lavalette donn\u00e9e tr\u00e8s largement en t\u00eate \u00e0 Toulon<\/a><\/p>\n<p class=\"p2\">La priorit\u00e9 de la candidate sera donn\u00e9e \u00e0 la s\u00e9curit\u00e9. Elle consid\u00e8re ainsi que \u00ab de nombreux endroits de la ville ont \u00e9t\u00e9 d\u00e9laiss\u00e9s \u00bb. \u00ab Au niveau municipal, le prisme est tout \u00e0 fait diff\u00e9rent. Je suis l\u00e0 pour restaurer la confiance, r\u00e9tablir la s\u00e9curit\u00e9 \u00bb, explique Laure Lavalette, qui reconna\u00eet que celle-ci \u00ab sera le fil rouge de notre programme municipal \u00bb. Pour r\u00e9tablir la s\u00e9curit\u00e9 et la tranquillit\u00e9, elle envisage d\u2019atteindre les \u00ab\u00a0200 policiers municipaux\u00a0\u00bb dans la ville. L\u2019\u00e9lue veut dans le m\u00eame temps r\u00e9organiser la police municipale, qui sera pr\u00e9sente 24 heures sur 24.<\/p>\n<p>La candidate veut effectuer des r\u00e9f\u00e9rendums<\/p>\n<p class=\"p3\">C\u2019est ainsi que Laure Lavalette veut donner la parole aux Toulonnais par le biais de consultations et de r\u00e9f\u00e9rendums. \u00ab\u00a0Ma famille politique veut redonner aux Fran\u00e7ais et donc aux Toulonnais, la parole\u00a0\u00bb, explique-t-elle. Par ailleurs, la d\u00e9put\u00e9e du Rassemblement national a manifest\u00e9 son intention de r\u00e9habiliter les rues et de cr\u00e9er des \u00eelots de verdure\u00a0partout.<\/p>\n<p class=\"p3\">Si Laure Lavalette rel\u00e8ve les avanc\u00e9es r\u00e9alis\u00e9es par Hubert Falco, maire UMP puis Les R\u00e9publicains de <a href=\"https:\/\/www.valeursactuelles.com\/culture\/toulon-le-tournage-dune-serie-tele-a-debute-sur-le-porte-avions-charles-de-gaulle\" target=\"_blank\" rel=\"noopener\">Toulon<\/a> de 2001 \u00e0 2023, elle propose aux Toulonnais d\u2019\u00e9crire \u00ab\u00a0cette nouvelle page avec eux\u00a0\u00bb. Verdict dans quelques semaines\u2026.<\/p>\n","protected":false},"excerpt":{"rendered":"\u00c0 deux mois des \u00e9lections municipales, la d\u00e9put\u00e9e RN de la 2e circonscription du Var, Laure Lavalette, a&hellip;\n","protected":false},"author":2,"featured_media":645182,"comment_status":"","ping_status":"","sticky":false,"template":"","format":"standard","meta":{"footnotes":""},"categories":[9619],"tags":[1111,11,47636,1777,674,1011,27,36671,3434,12,882,1078,25,2310],"class_list":{"0":"post-645181","1":"post","2":"type-post","3":"status-publish","4":"format-standard","5":"has-post-thumbnail","7":"category-toulon","8":"tag-actu","9":"tag-actualites","10":"tag-candidature","11":"tag-eu","12":"tag-europe","13":"tag-fr","14":"tag-france","15":"tag-laure-lavalette","16":"tag-municipales-2026","17":"tag-news","18":"tag-provence-alpes-cote-dazur","19":"tag-rassemblement-national","20":"tag-republique-francaise","21":"tag-toulon"},"share_on_mastodon":{"url":"https:\/\/pubeurope.com\/@fr\/115849239175583467","error":""},"_links":{"self":[{"href":"https:\/\/www.europesays.com\/fr\/wp-json\/wp\/v2\/posts\/645181","targetHints":{"allow":["GET"]}}],"collection":[{"href":"https:\/\/www.europesays.com\/fr\/wp-json\/wp\/v2\/posts"}],"about":[{"href":"https:\/\/www.europesays.com\/fr\/wp-json\/wp\/v2\/types\/post"}],"author":[{"embeddable":true,"href":"https:\/\/www.europesays.com\/fr\/wp-json\/wp\/v2\/users\/2"}],"replies":[{"embeddable":true,"href":"https:\/\/www.europesays.com\/fr\/wp-json\/wp\/v2\/comments?post=645181"}],"version-history":[{"count":0,"href":"https:\/\/www.europesays.com\/fr\/wp-json\/wp\/v2\/posts\/645181\/revisions"}],"wp:featuredmedia":[{"embeddable":true,"href":"https:\/\/www.europesays.com\/fr\/wp-json\/wp\/v2\/media\/645182"}],"wp:attachment":[{"href":"https:\/\/www.europesays.com\/fr\/wp-json\/wp\/v2\/media?parent=645181"}],"wp:term":[{"taxonomy":"category","embeddable":true,"href":"https:\/\/www.europesays.com\/fr\/wp-json\/wp\/v2\/categories?post=645181"},{"taxonomy":"post_tag","embeddable":true,"href":"https:\/\/www.europesays.com\/fr\/wp-json\/wp\/v2\/tags?post=645181"}],"curies":[{"name":"wp","href":"https:\/\/api.w.org\/{rel}","templated":true}]}}