{"id":645183,"date":"2026-01-06T17:04:11","date_gmt":"2026-01-06T17:04:11","guid":{"rendered":"https:\/\/www.europesays.com\/fr\/645183\/"},"modified":"2026-01-06T17:04:11","modified_gmt":"2026-01-06T17:04:11","slug":"les-eleveurs-de-bovins-mobilises-a-montpellier-operation-escargot-de-la-confjusquau-departement-ce-mercredi","status":"publish","type":"post","link":"https:\/\/www.europesays.com\/fr\/645183\/","title":{"rendered":"Les \u00e9leveurs de bovins mobilis\u00e9s \u00e0 Montpellier\u00a0: op\u00e9ration escargot de la Conf\u2019jusqu\u2019au D\u00e9partement, ce mercredi"},"content":{"rendered":"<p>\n                                                                La Conf\u00e9d\u00e9ration paysanne veut inciter les conseillers d\u00e9partementaux \u00e0 se prononcer sur l\u2019abattage des troupeaux touch\u00e9s par la dermatose nodulaire bovine.\n                            <\/p>\n<p>Apr\u00e8s leur mobilisation du 14\u00a0d\u00e9cembre, les agriculteurs de la Conf\u00e9d\u00e9ration paysanne font leur retour sur les routes ce mercredi 7\u00a0janvier. R\u00e9unis \u00e0 10\u00a0h\u00a030 sur le parking de la Cadoule \u00e0 Vendargues, ils se rendront en op\u00e9ration escargot \u00e0 l\u2019H\u00f4tel du D\u00e9partement, par la M65 (Le Cr\u00e8s, Castelnau, Clapiers, Montferrier).<\/p>\n<p>\u00ab\u00a0On veut pousser les \u00e9lus \u00e0 se prononcer, comme dans l\u2019Aude o\u00f9 ils ont vot\u00e9 contre l\u2019abattage total des troupeaux touch\u00e9s par la dermatose nodulaire contagieuse (DNC)\u00a0\u00bb, explique Nicolas Vitou, repr\u00e9sentant de la Conf\u00e9d\u00e9ration paysanne dans l\u2019H\u00e9rault.<\/p>\n<p>Ils reviendront par le m\u00eame chemin en d\u00e9but d\u2019apr\u00e8s-midi, avant de se diriger vers le rond-point de l\u2019A9 \u00e0 Lunel pour un filtrage.<\/p>\n<p>Les \u00e9leveurs de bovins sont toujours oppos\u00e9s \u00e0 la gestion de la DNC, une maladie virale contagieuse qui touche les bovins. \u00ab\u00a0La col\u00e8re est toujours l\u00e0 et on a beaucoup de retours d\u2019\u00e9leveurs appelant \u00e0 se mobiliser\u00a0\u00bb.<\/p>\n<p>\u00ab\u00a0On demande un abattage cibl\u00e9\u00a0\u00bb<\/p>\n<p>Et l\u2019\u00e9leveur de pr\u00e9ciser\u00a0: \u00ab\u00a0nous refusons toujours l\u2019abattage total de nos troupeaux d\u00e8s le premier animal positif \u00e0 la DNC. On demande d\u2019abord un abattage cibl\u00e9 des animaux atteints avec confinement pour les autres.\u00a0\u00bb<\/p>\n<p>Aucun cas de DNC n\u2019a pour l\u2019instant \u00e9t\u00e9 relev\u00e9 dans l\u2019H\u00e9rault. La vaccination, initialement r\u00e9serv\u00e9e \u00e0 dix-huit communes proches de l\u2019Aude, o\u00f9 un animal malade avait \u00e9t\u00e9 d\u00e9tect\u00e9, a ensuite \u00e9t\u00e9 \u00e9tendue \u00e0 l\u2019ensemble de l\u2019H\u00e9rault. Au 5\u00a0janvier, pr\u00e8s de 7\u00a0000 bovins avaient \u00e9t\u00e9 vaccin\u00e9s, soit plus de la moiti\u00e9 des animaux du d\u00e9partement.<\/p>\n<p>\u00ab\u00a0C\u2019est une source d\u2019inqui\u00e9tude\u00a0\u00bb<\/p>\n<p>\u00ab\u00a0Mais ce n\u2019est pas le cas du Gard et des Pyr\u00e9n\u00e9es-Orientales, poursuit Nicolas Vitou. C\u2019est une source d\u2019inqui\u00e9tude car les transports d\u2019animaux entre d\u00e9partements vont reprendre mi-mars avec la saison taurine. Le constat aujourd\u2019hui, c\u2019est que la maladie et toujours l\u00e0 malgr\u00e9 les temp\u00e9ratures basses et les troupeaux immobilis\u00e9s\u2026\u00a0\u00bb<\/p>\n<p>Cette journ\u00e9e de mobilisation du mercredi 7\u00a0janvier est pr\u00e9vue au lendemain d\u2019une rencontre avec le Premier ministre. L\u2019opposition \u00e0 la signature de l\u2019accord entre l\u2019Union europ\u00e9enne et le Mercosur est un autre point de crispation entre la Conf\u00e9d\u00e9ration paysanne et le gouvernement.<\/p>\n","protected":false},"excerpt":{"rendered":"La Conf\u00e9d\u00e9ration paysanne veut inciter les conseillers d\u00e9partementaux \u00e0 se prononcer sur l\u2019abattage des troupeaux touch\u00e9s par la&hellip;\n","protected":false},"author":2,"featured_media":645184,"comment_status":"","ping_status":"","sticky":false,"template":"","format":"standard","meta":{"footnotes":""},"categories":[9599],"tags":[1111,11,327,33,1777,674,1011,27,7089,2208,12,2680,25],"class_list":{"0":"post-645183","1":"post","2":"type-post","3":"status-publish","4":"format-standard","5":"has-post-thumbnail","7":"category-montpellier","8":"tag-actu","9":"tag-actualites","10":"tag-agriculture","11":"tag-economie","12":"tag-eu","13":"tag-europe","14":"tag-fr","15":"tag-france","16":"tag-herault","17":"tag-montpellier","18":"tag-news","19":"tag-occitanie","20":"tag-republique-francaise"},"share_on_mastodon":{"url":"https:\/\/pubeurope.com\/@fr\/115849243144524041","error":""},"_links":{"self":[{"href":"https:\/\/www.europesays.com\/fr\/wp-json\/wp\/v2\/posts\/645183","targetHints":{"allow":["GET"]}}],"collection":[{"href":"https:\/\/www.europesays.com\/fr\/wp-json\/wp\/v2\/posts"}],"about":[{"href":"https:\/\/www.europesays.com\/fr\/wp-json\/wp\/v2\/types\/post"}],"author":[{"embeddable":true,"href":"https:\/\/www.europesays.com\/fr\/wp-json\/wp\/v2\/users\/2"}],"replies":[{"embeddable":true,"href":"https:\/\/www.europesays.com\/fr\/wp-json\/wp\/v2\/comments?post=645183"}],"version-history":[{"count":0,"href":"https:\/\/www.europesays.com\/fr\/wp-json\/wp\/v2\/posts\/645183\/revisions"}],"wp:featuredmedia":[{"embeddable":true,"href":"https:\/\/www.europesays.com\/fr\/wp-json\/wp\/v2\/media\/645184"}],"wp:attachment":[{"href":"https:\/\/www.europesays.com\/fr\/wp-json\/wp\/v2\/media?parent=645183"}],"wp:term":[{"taxonomy":"category","embeddable":true,"href":"https:\/\/www.europesays.com\/fr\/wp-json\/wp\/v2\/categories?post=645183"},{"taxonomy":"post_tag","embeddable":true,"href":"https:\/\/www.europesays.com\/fr\/wp-json\/wp\/v2\/tags?post=645183"}],"curies":[{"name":"wp","href":"https:\/\/api.w.org\/{rel}","templated":true}]}}