{"id":645189,"date":"2026-01-06T17:07:11","date_gmt":"2026-01-06T17:07:11","guid":{"rendered":"https:\/\/www.europesays.com\/fr\/645189\/"},"modified":"2026-01-06T17:07:11","modified_gmt":"2026-01-06T17:07:11","slug":"la-neige-et-le-verglas-de-retour-a-rouen-et-au-havre-mercredi-avant-une-tempete-vendredi","status":"publish","type":"post","link":"https:\/\/www.europesays.com\/fr\/645189\/","title":{"rendered":"La neige et le verglas de retour \u00e0 Rouen et au Havre mercredi ? (avant une temp\u00eate vendredi ?)"},"content":{"rendered":"<p>                    Par<br \/>\n        <strong><br \/>\n            <a href=\"https:\/\/actu.fr\/auteur\/julien-bouteiller\" title=\"Consulter tous les articles de Julien Bouteiller\" target=\"_blank\" rel=\"noopener\">Julien Bouteiller<\/a><br \/>\n                    <\/strong><\/p>\n<p>        Publi\u00e9 le<\/p>\n<p>            6 janv. 2026 \u00e0 15h54        <\/p>\n<p>Elle fait le bonheur des uns (souvent les plus jeunes), et le malheur des autres (surtout les automobilistes). Apr\u00e8s les journ\u00e9es de <a href=\"https:\/\/actu.fr\/meteo\/neige-et-verglas-en-seine-maritime-jusqu-a-10-centimetres-par-endroits_63649243.html\" target=\"_blank\" rel=\"noopener\">lundi<\/a> et <a href=\"https:\/\/actu.fr\/meteo\/neige-et-verglas-en-seine-maritime-circulation-transports-suivez-avec-nous-la-situation_63655074.html\" target=\"_blank\" rel=\"noopener\">mardi<\/a>,<strong> la neige<\/strong> sera-t-elle encore de la partie <strong>\u00e0 Rouen et au Havre<\/strong> ce mercredi 7 janvier 2026 ? Et le <strong>verglas<\/strong> ? On fait le point sur <strong>les pr\u00e9visions m\u00e9t\u00e9os.<\/strong><\/p>\n<p>La neige de retour mercredi ?<\/p>\n<p class=\" wall-content\">Lev\u00e9e dans l\u2019apr\u00e8s-midi de mardi, <a href=\"https:\/\/actu.fr\/meteo\/encore-de-la-neige-et-du-verglas-attendus-en-france-les-nombreux-departements-en-vigilance-orange-mercredi_63658042.html\" target=\"_blank\" rel=\"noopener\">la vigilance orange neige et verglas<\/a> se r\u00e9active pour la Seine-Maritime <strong>\u00e0 compter de 4h du matin<\/strong> mercredi. Elle est pour l\u2019heure maintenue jusqu\u2019\u00e0 11h.<\/p>\n<p class=\" wall-content\">\u00ab\u00a0En seconde partie de nuit, puis en journ\u00e9e, une perturbation circule d\u2019ouest en est, apportant des chutes de neige avec des intensit\u00e9s <strong>de l\u2019ordre de 1 \u00e0 3 cm par heure<\/strong> sur la Normandie\u00a0\u00bb, pr\u00e9voit M\u00e9t\u00e9o France.\u00a0<\/p>\n<blockquote class=\"ac-article-quote wall-content\">\n<p>Au total, une couche de 3 \u00e0 5 cm localement 7 cm, voir 10 cm sur les hauteurs est \u00e0 attendre au cours de l&rsquo;\u00e9pisode.<\/p>\n<p>    <strong>M\u00e9t\u00e9o France<\/strong>\n            <\/p><\/blockquote>\n<p class=\" wall-content\">La perturbation devrait surtout apporter <strong>des pluies vergla\u00e7antes<\/strong> sur la Normandie. \u00ab\u00a0Les temp\u00e9ratures amorcent ensuite une hausse pr\u00e8s de la fa\u00e7ade atlantique, mais restent tr\u00e8s inf\u00e9rieures aux moyennes de saison.\u00a0\u00bb<\/p>\n<p>Vid\u00e9os : en ce moment sur ActuAvis de temp\u00eate pour vendredi ?<\/p>\n<p class=\" wall-content\">La prudence sera donc de mise sur les routes et les trottoirs. Et il faudra guetter la bonne circulation des transports en commun. La R\u00e9gion a d\u2019ores et d\u00e9j\u00e0 annonc\u00e9 la suspension des lignes de bus scolaires pour ce mercredi.<\/p>\n<p class=\" wall-content\">Et comme si \u00e7a ne suffisait pas, <strong>un fort coup de vent est attendu vendredi <\/strong>avec <a href=\"https:\/\/actu.fr\/meteo\/la-tempete-goretti-va-frapper-la-france-cette-semaine-des-vents-violents-jusqu-a-140-km-h-a-quoi-s-attendre_63657448.html\" target=\"_blank\" rel=\"noopener\">le passage de la temp\u00eate Goretti<\/a>. Pour l\u2019heure, M\u00e9t\u00e9o France annonce des rafales jusqu\u2019\u00e0 90km\/h sur les c\u00f4tes et 80 dans les terres. Mais il faudra suivre les pr\u00e9visions dans les prochains jours pour voir si le vent soufflera plus fort.<\/p>\n<p>Votre r\u00e9gion, votre actu !<\/p>\n<p>Recevez chaque jour les infos qui comptent pour vous.<\/p>\n<p>\t<a href=\"https:\/\/actu.fr\/newsletter\" class=\"ac-btn ac-btn--corner ac-btn--medium ac-btn--blue800\" target=\"_blank\" rel=\"noopener\">S&rsquo;incrire<\/a><br \/>\nSuivez l\u2019actualit\u00e9 de Rouen <a href=\"https:\/\/www.whatsapp.com\/channel\/0029VaKfnf99hXF2ddApFB1D\" target=\"_blank\" rel=\"noopener\">sur notre cha\u00eene WhatsApp<\/a> et <a href=\"https:\/\/www.tiktok.com\/@76actu.fr?lang=fr\" target=\"_blank\" rel=\"noopener\">sur notre compte TikTok<\/a>Suivez l\u2019actualit\u00e9 du Havre <a href=\"https:\/\/www.whatsapp.com\/channel\/0029VaFqJYE8aKvLBwVrEe0o\" target=\"_blank\" rel=\"noopener\">sur notre cha\u00eene WhatsApp<\/a> et <a href=\"https:\/\/www.tiktok.com\/@76actu.fr?lang=fr\" target=\"_blank\" rel=\"noopener\">sur notre compte TikTok<\/a><\/p>\n<p class=\" wall-content\">Personnalisez votre actualit\u00e9 en ajoutant vos villes et m\u00e9dias en favori avec <a href=\"https:\/\/moncompte.actu.fr\" title=\"D\u00e9couvez Mon Actu\" rel=\"nofollow noopener\" data-trk=\"{&quot;cta&quot;:{&quot;action&quot;:&quot;https:\\\/\\\/moncompte.actu.fr&quot;,&quot;category&quot;:&quot;mon compte&quot;,&quot;from&quot;:&quot;article footer&quot;,&quot;name&quot;:&quot;Mon actu&quot;,&quot;type&quot;:&quot;cta&quot;}}\" target=\"_blank\">Mon Actu<\/a>.<\/p>\n<p>                    <script async src=\"\/\/www.tiktok.com\/embed.js\"><\/script><\/p>\n","protected":false},"excerpt":{"rendered":"Par Julien Bouteiller Publi\u00e9 le 6 janv. 2026 \u00e0 15h54 Elle fait le bonheur des uns (souvent les&hellip;\n","protected":false},"author":2,"featured_media":645190,"comment_status":"","ping_status":"","sticky":false,"template":"","format":"standard","meta":{"footnotes":""},"categories":[9587],"tags":[1111,11,1777,674,1011,27,2487,2357,10584,12,5161,25,9590],"class_list":{"0":"post-645189","1":"post","2":"type-post","3":"status-publish","4":"format-standard","5":"has-post-thumbnail","7":"category-rouen","8":"tag-actu","9":"tag-actualites","10":"tag-eu","11":"tag-europe","12":"tag-fr","13":"tag-france","14":"tag-meteo","15":"tag-meteo-france","16":"tag-neige","17":"tag-news","18":"tag-normandie","19":"tag-republique-francaise","20":"tag-rouen"},"share_on_mastodon":{"url":"https:\/\/pubeurope.com\/@fr\/115849254918382805","error":""},"_links":{"self":[{"href":"https:\/\/www.europesays.com\/fr\/wp-json\/wp\/v2\/posts\/645189","targetHints":{"allow":["GET"]}}],"collection":[{"href":"https:\/\/www.europesays.com\/fr\/wp-json\/wp\/v2\/posts"}],"about":[{"href":"https:\/\/www.europesays.com\/fr\/wp-json\/wp\/v2\/types\/post"}],"author":[{"embeddable":true,"href":"https:\/\/www.europesays.com\/fr\/wp-json\/wp\/v2\/users\/2"}],"replies":[{"embeddable":true,"href":"https:\/\/www.europesays.com\/fr\/wp-json\/wp\/v2\/comments?post=645189"}],"version-history":[{"count":0,"href":"https:\/\/www.europesays.com\/fr\/wp-json\/wp\/v2\/posts\/645189\/revisions"}],"wp:featuredmedia":[{"embeddable":true,"href":"https:\/\/www.europesays.com\/fr\/wp-json\/wp\/v2\/media\/645190"}],"wp:attachment":[{"href":"https:\/\/www.europesays.com\/fr\/wp-json\/wp\/v2\/media?parent=645189"}],"wp:term":[{"taxonomy":"category","embeddable":true,"href":"https:\/\/www.europesays.com\/fr\/wp-json\/wp\/v2\/categories?post=645189"},{"taxonomy":"post_tag","embeddable":true,"href":"https:\/\/www.europesays.com\/fr\/wp-json\/wp\/v2\/tags?post=645189"}],"curies":[{"name":"wp","href":"https:\/\/api.w.org\/{rel}","templated":true}]}}