{"id":645193,"date":"2026-01-06T17:09:12","date_gmt":"2026-01-06T17:09:12","guid":{"rendered":"https:\/\/www.europesays.com\/fr\/645193\/"},"modified":"2026-01-06T17:09:12","modified_gmt":"2026-01-06T17:09:12","slug":"frayeur-apres-la-decouverte-dune-grenade-en-pleine-rue-a-echirolles","status":"publish","type":"post","link":"https:\/\/www.europesays.com\/fr\/645193\/","title":{"rendered":"Frayeur apr\u00e8s la d\u00e9couverte d\u2019une grenade en pleine rue \u00e0 Echirolles"},"content":{"rendered":"<p>Lundi soir, vers 20h20, la police et une \u00e9quipe de d\u00e9mineurs sont intervenus \u00e0 <a href=\"https:\/\/www.20minutes.fr\/dossier\/echirolles\" class=\"c-link c-link--is-underlined\" target=\"_blank\" rel=\"noopener\">Echirolles<\/a>, pr\u00e8s de <a href=\"https:\/\/www.20minutes.fr\/grenoble\/\" class=\"c-link c-link--is-underlined\" target=\"_blank\" rel=\"noopener\">Grenoble<\/a>, apr\u00e8s que des passants ont d\u00e9couvert une grenade, relate<a href=\"https:\/\/www.francebleu.fr\/infos\/faits-divers-justice\/une-grenade-decouverte-sur-un-trottoir-a-echirolles-1313365\" target=\"_blank\" class=\"c-link c-link--is-underlined\" rel=\"noopener\"> la radio Ici<\/a> <a href=\"https:\/\/www.20minutes.fr\/societe\/isere\/\" class=\"c-link c-link--is-underlined\" target=\"_blank\" rel=\"noopener\">Is\u00e8re<\/a>. D\u2019apr\u00e8s les policiers, l\u2019explosif a \u00e9t\u00e9 d\u00e9clar\u00e9 \u00ab\u00a0inoffensif\u00a0\u00bb, la grenade \u00e9tait d\u00e9goupill\u00e9e.<\/p>\n<p>Selon les \u00e9l\u00e9ments du m\u00e9dia local, c\u2019est un commer\u00e7ant qui a alert\u00e9 les forces de l\u2019ordre apr\u00e8s avoir aper\u00e7u des jeunes accroupis en train de filmer le trottoir, \u00e0 un m\u00e8tre de sa vitrine. \u00ab\u00a0Je suis sorti et j\u2019ai vu la grenade pos\u00e9e par terre, j\u2019ai dit \u00e0 tout le monde de s\u2019\u00e9carter car \u00e7a n\u2019avait pas l\u2019air d\u2019\u00eatre un jouet\u00a0\u00bb, a-t-il confi\u00e9 \u00e0 la radio Ici.<\/p>\n<\/p>\n<p>L\u2019homme de 47 ans, qui a \u00ab\u00a0fait son service militaire\u00a0\u00bb, s\u2019est rapidement rendu compte qu\u2019il s\u2019agissait d\u2019une \u00ab\u00a0vraie\u00a0\u00bb grenade en \u00ab\u00a0m\u00e9tal\u00a0\u00bb voyant que \u00ab\u00a0la cuill\u00e8re \u00e9tait dessus\u00a0\u00bb. \u00ab\u00a0Le policier nous a confirm\u00e9 qu\u2019elle a \u00e9t\u00e9 d\u00e9goupill\u00e9e, mais il y en a qui l\u2019ont manipul\u00e9e et je me dis que \u00e7a aurait pu exploser\u00a0\u00bb, a-t-il soulign\u00e9.<\/p>\n<p>Une enqu\u00eate a \u00e9t\u00e9 ouverte pour d\u00e9terminer les circonstances exactes des faits et comment la grenade a pu se retrouver \u00e0 cet endroit.<\/p>\n","protected":false},"excerpt":{"rendered":"Lundi soir, vers 20h20, la police et une \u00e9quipe de d\u00e9mineurs sont intervenus \u00e0 Echirolles, pr\u00e8s de Grenoble,&hellip;\n","protected":false},"author":2,"featured_media":645194,"comment_status":"","ping_status":"","sticky":false,"template":"","format":"standard","meta":{"footnotes":""},"categories":[9566],"tags":[1111,47,11,2430,9852,1067,1777,674,118,1011,27,15974,2731,108,12,1072,25,2431],"class_list":{"0":"post-645193","1":"post","2":"type-post","3":"status-publish","4":"format-standard","5":"has-post-thumbnail","7":"category-grenoble","8":"tag-actu","9":"tag-actualite","10":"tag-actualites","11":"tag-auvergne-rhone-alpes","12":"tag-echirolles","13":"tag-enquete","14":"tag-eu","15":"tag-europe","16":"tag-faits-divers","17":"tag-fr","18":"tag-france","19":"tag-grenade","20":"tag-grenoble","21":"tag-isere","22":"tag-news","23":"tag-police","24":"tag-republique-francaise","25":"tag-rhone-alpes"},"share_on_mastodon":{"url":"https:\/\/pubeurope.com\/@fr\/115849262796628441","error":""},"_links":{"self":[{"href":"https:\/\/www.europesays.com\/fr\/wp-json\/wp\/v2\/posts\/645193","targetHints":{"allow":["GET"]}}],"collection":[{"href":"https:\/\/www.europesays.com\/fr\/wp-json\/wp\/v2\/posts"}],"about":[{"href":"https:\/\/www.europesays.com\/fr\/wp-json\/wp\/v2\/types\/post"}],"author":[{"embeddable":true,"href":"https:\/\/www.europesays.com\/fr\/wp-json\/wp\/v2\/users\/2"}],"replies":[{"embeddable":true,"href":"https:\/\/www.europesays.com\/fr\/wp-json\/wp\/v2\/comments?post=645193"}],"version-history":[{"count":0,"href":"https:\/\/www.europesays.com\/fr\/wp-json\/wp\/v2\/posts\/645193\/revisions"}],"wp:featuredmedia":[{"embeddable":true,"href":"https:\/\/www.europesays.com\/fr\/wp-json\/wp\/v2\/media\/645194"}],"wp:attachment":[{"href":"https:\/\/www.europesays.com\/fr\/wp-json\/wp\/v2\/media?parent=645193"}],"wp:term":[{"taxonomy":"category","embeddable":true,"href":"https:\/\/www.europesays.com\/fr\/wp-json\/wp\/v2\/categories?post=645193"},{"taxonomy":"post_tag","embeddable":true,"href":"https:\/\/www.europesays.com\/fr\/wp-json\/wp\/v2\/tags?post=645193"}],"curies":[{"name":"wp","href":"https:\/\/api.w.org\/{rel}","templated":true}]}}