{"id":645197,"date":"2026-01-06T17:11:14","date_gmt":"2026-01-06T17:11:14","guid":{"rendered":"https:\/\/www.europesays.com\/fr\/645197\/"},"modified":"2026-01-06T17:11:14","modified_gmt":"2026-01-06T17:11:14","slug":"gagnez-des-places-pour-le-festival-autres-mesures-gagnez-des-places-pour-le-festival-autres-mesures-a-rennes","status":"publish","type":"post","link":"https:\/\/www.europesays.com\/fr\/645197\/","title":{"rendered":"Gagnez des places pour le Festival Autres Mesures ! : Gagnez des places pour le Festival Autres Mesures \u00e0 Rennes !"},"content":{"rendered":"<p>Participez au festival Autres Mesures, festival de musiques contemporaines \u00e0 Rennes !<\/p>\n<p>Le festival Autres Mesures entre dans sa deuxi\u00e8me d\u00e9cennie et confirme son ancrage \u00e0 Rennes avec une programmation audacieuse et accessible. Concerts de musiques contemporaines, improvis\u00e9es ou \u00e9lectroniques, rencontres avec les arts visuels et le cin\u00e9ma, <strong data-end=\"471\" data-start=\"417\">une quinzaine d\u2019\u00e9v\u00e9nements dont la moiti\u00e9 gratuits<\/strong> : le festival invite \u00e0 d\u00e9couvrir la cr\u00e9ation d\u2019aujourd\u2019hui sans a priori.<\/p>\n<p data-end=\"732\" data-start=\"547\">Pr\u00e9sent dans de nombreux lieux embl\u00e9matiques de la ville \u2014 de La Cri\u00e9e au TNB \u2014 , Autres Mesures s\u2019adresse \u00e0 un public toujours plus curieux et ouvert.<\/p>\n<p data-end=\"857\" data-start=\"734\">\u2728 <strong data-end=\"784\" data-start=\"736\">Bonne nouvelle : France 3 Bretagne est partenaire de ce bel \u00e9v\u00e9nement et on fait gagner des places !<\/strong><br data-end=\"787\" data-start=\"784\"\/>&#13;<br \/>\nL\u2019occasion parfaite pour tenter l\u2019exp\u00e9rience et se laisser surprendre.<\/p>\n<p>\u00a0<\/p>\n<p>Pour en savoir + :\u00a0https:\/\/www.autresmesures.com\/<\/p>\n","protected":false},"excerpt":{"rendered":"Participez au festival Autres Mesures, festival de musiques contemporaines \u00e0 Rennes ! Le festival Autres Mesures entre dans&hellip;\n","protected":false},"author":2,"featured_media":645198,"comment_status":"","ping_status":"","sticky":false,"template":"","format":"standard","meta":{"footnotes":""},"categories":[2821],"tags":[1111,11,829,1777,674,1011,27,12,584,25],"class_list":{"0":"post-645197","1":"post","2":"type-post","3":"status-publish","4":"format-standard","5":"has-post-thumbnail","7":"category-rennes","8":"tag-actu","9":"tag-actualites","10":"tag-bretagne","11":"tag-eu","12":"tag-europe","13":"tag-fr","14":"tag-france","15":"tag-news","16":"tag-rennes","17":"tag-republique-francaise"},"share_on_mastodon":{"url":"https:\/\/pubeurope.com\/@fr\/115849270686250734","error":""},"_links":{"self":[{"href":"https:\/\/www.europesays.com\/fr\/wp-json\/wp\/v2\/posts\/645197","targetHints":{"allow":["GET"]}}],"collection":[{"href":"https:\/\/www.europesays.com\/fr\/wp-json\/wp\/v2\/posts"}],"about":[{"href":"https:\/\/www.europesays.com\/fr\/wp-json\/wp\/v2\/types\/post"}],"author":[{"embeddable":true,"href":"https:\/\/www.europesays.com\/fr\/wp-json\/wp\/v2\/users\/2"}],"replies":[{"embeddable":true,"href":"https:\/\/www.europesays.com\/fr\/wp-json\/wp\/v2\/comments?post=645197"}],"version-history":[{"count":0,"href":"https:\/\/www.europesays.com\/fr\/wp-json\/wp\/v2\/posts\/645197\/revisions"}],"wp:featuredmedia":[{"embeddable":true,"href":"https:\/\/www.europesays.com\/fr\/wp-json\/wp\/v2\/media\/645198"}],"wp:attachment":[{"href":"https:\/\/www.europesays.com\/fr\/wp-json\/wp\/v2\/media?parent=645197"}],"wp:term":[{"taxonomy":"category","embeddable":true,"href":"https:\/\/www.europesays.com\/fr\/wp-json\/wp\/v2\/categories?post=645197"},{"taxonomy":"post_tag","embeddable":true,"href":"https:\/\/www.europesays.com\/fr\/wp-json\/wp\/v2\/tags?post=645197"}],"curies":[{"name":"wp","href":"https:\/\/api.w.org\/{rel}","templated":true}]}}