{"id":645199,"date":"2026-01-06T17:12:36","date_gmt":"2026-01-06T17:12:36","guid":{"rendered":"https:\/\/www.europesays.com\/fr\/645199\/"},"modified":"2026-01-06T17:12:36","modified_gmt":"2026-01-06T17:12:36","slug":"apres-5-jours-interminables-liam-rosenior-quitte-strasbourg-pour-rejoindre-chelsea","status":"publish","type":"post","link":"https:\/\/www.europesays.com\/fr\/645199\/","title":{"rendered":"apr\u00e8s 5 jours interminables, Liam Rosenior quitte Strasbourg pour rejoindre Chelsea"},"content":{"rendered":"<p>    <img loading=\"lazy\" width=\"1800\" height=\"900\" src=\"https:\/\/www.europesays.com\/fr\/wp-content\/uploads\/2025\/11\/jeanne-callthepolice.jpg\" class=\"attachment-full size-full\" alt=\"\" id=\"imageLove\" decoding=\"async\"  \/><\/p>\n<p id=\"breadcrumbs\"><a href=\"https:\/\/pokaa.fr\/\" target=\"_blank\" rel=\"noopener\">Accueil<\/a> \/ <a href=\"https:\/\/pokaa.fr\/categories\/actu\/\" target=\"_blank\" rel=\"noopener\">Info locale<\/a> \/ <a href=\"https:\/\/pokaa.fr\/categories\/actu\/sport\/\" target=\"_blank\" rel=\"noopener\">Sport<\/a> \/ Fin du calvaire : apr\u00e8s 5 jours interminables, Liam Rosenior quitte Strasbourg pour rejoindre Chelsea<\/p>\n<p>                    Sport<\/p>\n<p class=\"p1\"><b>Apr\u00e8s plusieurs jours de rumeurs et de remous internes, Liam Rosenior a finalement quitt\u00e9 le Racing Club de Strasbourg pour rejoindre Chelsea ce 6 janvier, \u00e0 l\u2019issue d\u2019une derni\u00e8re conf\u00e9rence de presse.\u00a0<\/b><\/p>\n<p class=\"p1\">Enfin, on peut passer \u00e0 autre chose. Si le sentiment ne sera pas partag\u00e9 par l\u2019ensemble des supporters\/rices du Racing Club de Strasbourg, <b>l\u2019annonce du d\u00e9part de Liam Rosenior ce 6 janvier peut presque \u00eatre v\u00e9cue comme un soulagement<\/b>.<\/p>\n<p class=\"p1\">Car le Racing et ses supporters\/rices ont pass\u00e9 cinq longs jours dans la lessiveuse m\u00e9diatique, d\u00e9clench\u00e9e apr\u00e8s le d\u00e9part d\u2019Enzo Maresca de Chelsea le 1er janvier\u2026 <strong>T<\/strong><b>r\u00e8s vite suivis par la rumeur, et la prise de conscience, que l\u2019entra\u00eeneur du Racing allait bient\u00f4t devenir celui du \u00ab grand fr\u00e8re \u00bb londonien<\/b>. Au moins, depuis ce 6 janvier 9h30, le club est fix\u00e9 : il fera sa deuxi\u00e8me partie de saison sans l\u2019architecte de sa belle saison derni\u00e8re.<\/p>\n<p>    <img width=\"800\" height=\"600\" src=\"https:\/\/www.europesays.com\/fr\/wp-content\/uploads\/2025\/10\/img-1662-800x600.jpeg\" class=\"attachment-image-size-L size-image-size-L\" alt=\"meinau supporters racing\" decoding=\"async\" loading=\"lazy\"  \/>         \u00a9 Nicolas Kaspar \/ Pokaa <\/p>\n<p>Il est temps de dire au revoir<\/p>\n<p class=\"p1\"><b>Ne souhaitant sans doute pas que les fans du Racing pensent qu\u2019il ait pu filer \u00e0 l\u2019anglaise<\/b>, Liam Rosenior s\u2019est pr\u00e9sent\u00e9 en conf\u00e9rence de presse ce 6 janvier pour annoncer son d\u00e9part.<\/p>\n<p class=\"p1\"><b>Confirmant qu\u2019il y a un accord verbal avec Chelsea et que tout sera officiel dans les prochaines heures<\/b>, il a tout de m\u00eame avou\u00e9 qu\u2019il a voulu cette conf\u00e9rence de presse. Non seulement pour pouvoir dire au revoir, mais aussi pour r\u00e9pondre aux questions avant de tourner la page.<\/p>\n<blockquote><p>\n        \u00c0 l\u2019heure d\u2019aujourd\u2019hui, les choses sont en bonne voie pour que je devienne le manager de Chelsea.    <\/p><\/blockquote>\n<p>            Liam Rosenior, ex-coach de Strasbourg<\/p>\n<p class=\"p1\">Dans son style positif habituel, alignant les \u00ab\u00a0outstanding\u00a0\u00bb [remarquable, ndlr] \u00e0 la pelle, il rappelle sa fiert\u00e9 du travail r\u00e9alis\u00e9 : \u00ab\u00a0Personne ne peut remettre en cause mon attachement, mon travail, et mon int\u00e9grit\u00e9. <b>Maintenant il est temps de tourner la page<\/b>.\u00a0\u00bb Il rappelle les offres qu\u2019il a re\u00e7ues de plusieurs clubs, dont certains en Ligue des champions.<\/p>\n<p class=\"p1\">Il explique ensuite les raisons de son d\u00e9part : \u00ab\u00a0Je ne pouvais pas dire non \u00e0 ce moment de ma vie.\u00a0<b>Il y a des opportunit\u00e9s qui ne se refusent pas<\/b>. \u00c7a me donne la chance de retourner chez moi, de revoir mes enfants.\u00a0\u00bb<\/p>\n<p>    <img width=\"800\" height=\"585\" src=\"https:\/\/www.europesays.com\/fr\/wp-content\/uploads\/2026\/01\/img-3085-800x585.jpeg\" class=\"attachment-image-size-L size-image-size-L\" alt=\"liam rosenior\" decoding=\"async\" loading=\"lazy\"  \/>         \u00a9 Nicolas Kaspar \/ Pokaa <\/p>\n<p>Le reste<\/p>\n<p class=\"p1\">Sur la question du timing, plut\u00f4t catastrophique, de perdre son coach \u00e0 la mi-saison, Liam Rosenior se veut positif : \u00ab\u00a0Les gens disent aujourd\u2019hui que c\u2019est un mauvais timing, <b>mais j\u2019esp\u00e8re que dans six mois, les gens se diront que peut-\u00eatre que c\u2019\u00e9tait la meilleure chose qui puisse arriver \u00e0 ce club<\/b>. \u00bb\u00a0Quant \u00e0 la remarque de si c\u2019est respectueux de quitter un club \u00e0 ce moment-l\u00e0, Liam Rosenior r\u00e9pond : \u00ab C\u2019est le business du foot. \u00bb\u00a0Difficile malheureusement de lui donner tord, et d\u2019en \u00eatre ravi.<\/p>\n<p class=\"p1\">Quant \u00e0 la grogne des supporters\/rices, l\u00e0 encore, il esp\u00e8re qu\u2019ils et elles ne lui en voudront pas : \u00ab\u00a0<b>La r\u00e9alit\u00e9 du football, c\u2019est que Strasbourg n\u2019est pas au niveau de Chelsea, et il y a certains clubs qu\u2019on ne peut pas refuser<\/b>. Peut-\u00eatre qu\u2019ils verront \u00e7a comme une fiert\u00e9 qu\u2019un entra\u00eeneur de Strasbourg puisse aller \u00e0 Chelsea.\u00a0\u00bb <\/p>\n<blockquote><p>\n        Non, le Racing ne travaille pas pour un autre club.    <\/p><\/blockquote>\n<p>            Liam Rosenior, ex-coach de Strasbourg<\/p>\n<p class=\"p1\"><b>Il affirme que Strasbourg n\u2019est pas au service de Chelsea, et que le club est en train de grandir. Il affirme aussi que le futur lui prouvera raison<\/b>. Pour conclure, il dit que Chelsea a le potentiel d\u2019attirer n\u2019importe quel entra\u00eeneur, et le fait qu\u2019il choisisse le coach de Strasbourg doit \u00eatre pris comme un exemple de l\u2019ambition de la capitale alsacienne. Pas s\u00fbr du tout que ce soit pris comme \u00e7a. Surtout que, contrairement \u00e0 ce qui a \u00e9t\u00e9 annonc\u00e9 de partout, Rosenior a rendu public son d\u00e9part alors que le Racing n\u2019a pas encore trouv\u00e9 son nouvel entra\u00eeneur. \u00c9ni\u00e8me exemple de manque de consid\u00e9ration.<\/p>\n<p class=\"p1\"><b>Bref, on n\u2019a pas appris grand-chose lors de cette conf\u00e9rence de presse, mais cela a permis \u00e0 Liam Rosenior de dire au revoir avant de reprendre son avion vers Londres. Quant au reste, ce qui a marqu\u00e9, c\u2019est la pr\u00e9sence de Marc Keller dans l\u2019arri\u00e8re-plan, en train de regarder son entra\u00eeneur dire au revoir, passif, sans rien pouvoir y faire. Comme un symbole assez \u00e9loquent d\u2019un futur plus qu\u2019incertain pour un projet strasbourgeois qui tangue s\u00e9rieusement avec le d\u00e9part de l\u2019entra\u00eeneur du Racing pour le club au-dessus de lui.<\/b><\/p>\n","protected":false},"excerpt":{"rendered":"Accueil \/ Info locale \/ Sport \/ Fin du calvaire : apr\u00e8s 5 jours interminables, Liam Rosenior quitte&hellip;\n","protected":false},"author":2,"featured_media":645200,"comment_status":"","ping_status":"","sticky":false,"template":"","format":"standard","meta":{"footnotes":""},"categories":[2820],"tags":[1111,11,1777,674,2257,1011,27,775,15900,12,8708,25,640,58524],"class_list":{"0":"post-645199","1":"post","2":"type-post","3":"status-publish","4":"format-standard","5":"has-post-thumbnail","7":"category-strasbourg","8":"tag-actu","9":"tag-actualites","10":"tag-eu","11":"tag-europe","12":"tag-foot","13":"tag-fr","14":"tag-france","15":"tag-grand-est","16":"tag-liam-rosenior","17":"tag-news","18":"tag-racing-club-de-strasbourg","19":"tag-republique-francaise","20":"tag-strasbourg","21":"tag-strasbourg-actualite"},"share_on_mastodon":{"url":"https:\/\/pubeurope.com\/@fr\/115849274803084922","error":""},"_links":{"self":[{"href":"https:\/\/www.europesays.com\/fr\/wp-json\/wp\/v2\/posts\/645199","targetHints":{"allow":["GET"]}}],"collection":[{"href":"https:\/\/www.europesays.com\/fr\/wp-json\/wp\/v2\/posts"}],"about":[{"href":"https:\/\/www.europesays.com\/fr\/wp-json\/wp\/v2\/types\/post"}],"author":[{"embeddable":true,"href":"https:\/\/www.europesays.com\/fr\/wp-json\/wp\/v2\/users\/2"}],"replies":[{"embeddable":true,"href":"https:\/\/www.europesays.com\/fr\/wp-json\/wp\/v2\/comments?post=645199"}],"version-history":[{"count":0,"href":"https:\/\/www.europesays.com\/fr\/wp-json\/wp\/v2\/posts\/645199\/revisions"}],"wp:featuredmedia":[{"embeddable":true,"href":"https:\/\/www.europesays.com\/fr\/wp-json\/wp\/v2\/media\/645200"}],"wp:attachment":[{"href":"https:\/\/www.europesays.com\/fr\/wp-json\/wp\/v2\/media?parent=645199"}],"wp:term":[{"taxonomy":"category","embeddable":true,"href":"https:\/\/www.europesays.com\/fr\/wp-json\/wp\/v2\/categories?post=645199"},{"taxonomy":"post_tag","embeddable":true,"href":"https:\/\/www.europesays.com\/fr\/wp-json\/wp\/v2\/tags?post=645199"}],"curies":[{"name":"wp","href":"https:\/\/api.w.org\/{rel}","templated":true}]}}