{"id":645216,"date":"2026-01-06T17:21:12","date_gmt":"2026-01-06T17:21:12","guid":{"rendered":"https:\/\/www.europesays.com\/fr\/645216\/"},"modified":"2026-01-06T17:21:12","modified_gmt":"2026-01-06T17:21:12","slug":"municipales-2026-a-toulouse-comment-la-campagne-de-francois-briancon-va-saccelerer-dans-les-quartiers","status":"publish","type":"post","link":"https:\/\/www.europesays.com\/fr\/645216\/","title":{"rendered":"Municipales 2026 \u00e0 Toulouse. Comment la campagne de Fran\u00e7ois Brian\u00e7on va s&rsquo;acc\u00e9l\u00e9rer dans les quartiers"},"content":{"rendered":"<p>                    Par<br \/>\n        <strong><br \/>\n            <a href=\"https:\/\/actu.fr\/auteur\/david-saint-sernin\" title=\"Consulter tous les articles de David Saint-Sernin\" target=\"_blank\" rel=\"noopener\">David Saint-Sernin<\/a><br \/>\n                    <\/strong><\/p>\n<p>        Publi\u00e9 le<\/p>\n<p>            6 janv. 2026 \u00e0 16h59        <\/p>\n<p>Un coup d\u2019acc\u00e9l\u00e9rateur dans les quartiers. Alors que le<a href=\"https:\/\/actu.fr\/toulouse\/politique\/elections-municipales\" target=\"_blank\" rel=\"noopener\"> premier tour des \u00e9lections municipales<\/a> a lieu dans quasiment deux mois, la liste de la <strong>gauche unie, hors-LFI<\/strong>, pour la Course au Capitole 2026 \u00e0 <strong>Toulouse<\/strong>, annonce le changement de rythme de sa campagne. Et les quartiers de la Ville rose vont en constituer le d\u00e9cor.<\/p>\n<p>La Gauche Unie va aller dans les quartiers<\/p>\n<p class=\" wall-content\">C\u2019est en effet dans les quartiers que<a href=\"https:\/\/actu.fr\/occitanie\/toulouse_31555\/municipales-a-toulouse-je-voulais-etre-musicien-qui-est-francois-briancon-candidat-de-la-gauche-unie_63650321.html\" target=\"_blank\" rel=\"noopener\"> Fran\u00e7ois Brian\u00e7on,<\/a> sa t\u00eate de liste (PS), compte donner l\u2019\u00e9lan \u00e0 sa campagne.<\/p>\n<p class=\" wall-content\">\u00c0 partir de ce jeudi 8\u00a0janvier 2026, puis durant tout le mois de janvier, la Gauche Unie pour Toulouse pr\u00e9voit des dizaines de rendez-vous sur les march\u00e9s et les places de Toulouse \u00ab\u2009pour \u00e9changer simplement et directement au plus pr\u00e8s des habitants\u2009\u00bb.<\/p>\n<p class=\" wall-content\">C\u2019est <strong>quartier des Minimes<\/strong>, ce jeudi, que le candidat et ses soutiens vont inaugurer cette d\u00e9marche nomm\u00e9e \u00ab\u2009La Fabrique des Quartiers\u2009\u00bb.<\/p>\n<p>Exposer les piliers de campagne et enrichir le projet<\/p>\n<p class=\" wall-content\">Cette rencontre avec les Toulousains doit permettre \u00e0 la Gauche Unie d\u2019exposer les <strong>six piliers<\/strong> de sa future campagne pour la Ville rose, mais aussi d\u2019enrichir le futur programme de propositions issues des habitants.<\/p>\n<p>Vid\u00e9os : en ce moment sur Actu<\/p>\n<p class=\" wall-content\">\u00ab\u2009Ces derni\u00e8res ann\u00e9es, les quartiers ont \u00e9t\u00e9 abandonn\u00e9s et il y a une v\u00e9ritable fronti\u00e8re entre le centre-ville et les quartiers faubourgs. Chaque quartier est unique et va \u00eatre trait\u00e9 avec ses sp\u00e9cificit\u00e9s.\u00a0On a d\u00e9j\u00e0 un diagnostic pour chaque quartier. L\u2019objectif c\u2019est de le confronter au diagnostic de chacun. Tout en pr\u00e9sentant les grandes orientations de notre programme pour la ville\u2009\u00bb, explique <strong>Isabelle Hardy,<\/strong> qui repr\u00e9sente le parti G\u00e9n\u00e9ration.s au sein de la liste.<\/p>\n<p>Recueillir \u00ab\u2009les attentes concr\u00e8tes\u2009\u00bb des Toulousains<\/p>\n<p class=\" wall-content\">\u00ab\u2009La Fabrique des Quartiers sera une grande <strong>d\u00e9marche participative<\/strong> pour permettre aux Toulousaines et aux Toulousains de prendre connaissance de notre vision de la ville et de l\u2019enrichir de leurs attentes et propositions concr\u00e8tes pour leur quotidien dans leur quartier\u2009\u00bb, compl\u00e8te la liste La Gauche Unie pour Toulouse.<\/p>\n<p>Votre r\u00e9gion, votre actu !<\/p>\n<p>Recevez chaque jour les infos qui comptent pour vous.<\/p>\n<p>\t<a href=\"https:\/\/actu.fr\/newsletter\" class=\"ac-btn ac-btn--corner ac-btn--medium ac-btn--blue800\" target=\"_blank\" rel=\"noopener\">S&rsquo;incrire<\/a><\/p>\n<p class=\" wall-content\">Un programme qui \u00ab\u2009sera pr\u00e9sent\u00e9 \u00e0 la fin du mois de janvier\u2009\u00bb, annonce Fran\u00e7ois Brian\u00e7on, qui entre d\u00e9sormais dans une phase de v\u00e9rit\u00e9 face notamment au maire sortant (DVD) Jean-Luc Moudenc, \u00ab\u2009qui a l\u2019impression d\u2019\u00eatre le propri\u00e9taire de la ville\u2009\u00bb et Fran\u00e7ois Piquemal, le candidat \u00ab\u2009de la <strong>gauche diff\u00e9rente<\/strong>, qu\u2019on respecte, dont on respecte les \u00e9lecteurs, mais avec laquelle nous avons des diff\u00e9rences de m\u00e9thode sur la fa\u00e7on d\u2019aborder le d\u00e9bat public et la fa\u00e7on d\u2019organiser la cit\u00e9\u2009\u00bb.<\/p>\n<p>Un document diffus\u00e9 \u00e0 300\u2009000 exemplaires<\/p>\n<p class=\" wall-content\">Pour imprimer son slogan \u00ab\u2009Vivre Mieux \u00e0 Toulouse\u2009\u00bb, Fran\u00e7ois Brian\u00e7on, qui forme un tandem avec <strong>l\u2019\u00e9cologiste R\u00e9gis Godec<\/strong> \u2013 annonce la diffusion \u00e0 venir d\u2019un document de quatre pages \u00ab\u2009dans plus de 300\u2009000 bo\u00eetes aux lettres\u2009\u00bb.<\/p>\n<p class=\" wall-content\">Un document qui fera \u00e9tat des six priorit\u00e9s de la liste\u2009: \u00ab\u2009Habiter mieux, respirer mieux, agir mieux, bouger mieux, grandir mieux et d\u00e9cider mieux\u2009\u00bb et invitera les Toulousains \u00e0 contribuer \u00e0 son projet via le nouveau site d\u00e9di\u00e9 \u00e0 la campagne.<\/p>\n<p class=\" wall-content\"><strong>Les 6 priorit\u00e9s d\u00e9finies pour les Toulousains par la liste La Gauche Unie pour Toulouse<\/strong><\/p>\n<p><a class=\"jo-module-caroussel__img-container\" href=\"https:\/\/static.actu.fr\/uploads\/2026\/01\/20260106-153105.jpg\" title=\"Agrandir la photo Ce document pr\u00e9sentant les six piliers de la campagne de la liste va \u00eatre diffus\u00e9 \u00e0 300 000 exemplaires dans les bo\u00eetes aux lettres \u00e0 Toulouse. (\u00a9 La Gauche Unie pour Toulouse)\" data-idx=\"1\" target=\"_blank\" rel=\"noopener\"><br \/>\n    <img decoding=\"async\" class=\"jo-module-caroussel__img\" loading=\"lazy\" src=\"https:\/\/www.europesays.com\/fr\/wp-content\/uploads\/2026\/01\/20260106-153105-640x427.jpg\" alt=\"Ce document pr\u00e9sentant les six piliers de la campagne de la liste va \u00eatre diffus\u00e9 \u00e0 300 000 exemplaires dans les bo\u00eetes aux lettres \u00e0 Toulouse. (\u00a9 La Gauche Unie pour Toulouse)\" width=\"640\" height=\"427\"\/><\/a>Les quartiers visit\u00e9s ces prochains jours<\/p>\n<p class=\" wall-content\">Dans le d\u00e9tail, voici o\u00f9 vont se rendre les repr\u00e9sentant de la Gauche Unie pour Toulouse <strong>ces prochains jours\u2009<\/strong>dans le cadre de <strong>\u00ab\u00a0la Fabrique des quartiers\u00a0\u00bb :<\/strong><\/p>\n<ul class=\" wall-content\">\n<li>Minimes le jeudi 8 janvier<\/li>\n<li>Soupetard le samedi 10 janvier<\/li>\n<li>Empalot le mercredi 14 janvier<\/li>\n<li>Saint-Cyprien et Ravelin le 16 janvier<\/li>\n<li>Montaudran le 18 janvier<\/li>\n<li>Bagatelle le 20 janvier<\/li>\n<li>Les Carmes le 22 janvier<\/li>\n<li>Cartoucherie le 25 janvier<\/li>\n<li>Saint-Simon le 28 janvier<\/li>\n<li>Borderouge le 30 janvier<\/li>\n<\/ul>\n<p class=\" wall-content\">Personnalisez votre actualit\u00e9 en ajoutant vos villes et m\u00e9dias en favori avec <a href=\"https:\/\/moncompte.actu.fr\" title=\"D\u00e9couvez Mon Actu\" rel=\"nofollow noopener\" data-trk=\"{&quot;cta&quot;:{&quot;action&quot;:&quot;https:\\\/\\\/moncompte.actu.fr&quot;,&quot;category&quot;:&quot;mon compte&quot;,&quot;from&quot;:&quot;article footer&quot;,&quot;name&quot;:&quot;Mon actu&quot;,&quot;type&quot;:&quot;cta&quot;}}\" target=\"_blank\">Mon Actu<\/a>.<\/p>\n","protected":false},"excerpt":{"rendered":"Par David Saint-Sernin Publi\u00e9 le 6 janv. 2026 \u00e0 16h59 Un coup d\u2019acc\u00e9l\u00e9rateur dans les quartiers. Alors que&hellip;\n","protected":false},"author":2,"featured_media":645217,"comment_status":"","ping_status":"","sticky":false,"template":"","format":"standard","meta":{"footnotes":""},"categories":[2816],"tags":[1111,11,4188,1777,674,1011,27,3434,12,2680,316,25,2312],"class_list":{"0":"post-645216","1":"post","2":"type-post","3":"status-publish","4":"format-standard","5":"has-post-thumbnail","7":"category-toulouse","8":"tag-actu","9":"tag-actualites","10":"tag-elections-municipales","11":"tag-eu","12":"tag-europe","13":"tag-fr","14":"tag-france","15":"tag-municipales-2026","16":"tag-news","17":"tag-occitanie","18":"tag-politique","19":"tag-republique-francaise","20":"tag-toulouse"},"share_on_mastodon":{"url":"https:\/\/pubeurope.com\/@fr\/115849310103471378","error":""},"_links":{"self":[{"href":"https:\/\/www.europesays.com\/fr\/wp-json\/wp\/v2\/posts\/645216","targetHints":{"allow":["GET"]}}],"collection":[{"href":"https:\/\/www.europesays.com\/fr\/wp-json\/wp\/v2\/posts"}],"about":[{"href":"https:\/\/www.europesays.com\/fr\/wp-json\/wp\/v2\/types\/post"}],"author":[{"embeddable":true,"href":"https:\/\/www.europesays.com\/fr\/wp-json\/wp\/v2\/users\/2"}],"replies":[{"embeddable":true,"href":"https:\/\/www.europesays.com\/fr\/wp-json\/wp\/v2\/comments?post=645216"}],"version-history":[{"count":0,"href":"https:\/\/www.europesays.com\/fr\/wp-json\/wp\/v2\/posts\/645216\/revisions"}],"wp:featuredmedia":[{"embeddable":true,"href":"https:\/\/www.europesays.com\/fr\/wp-json\/wp\/v2\/media\/645217"}],"wp:attachment":[{"href":"https:\/\/www.europesays.com\/fr\/wp-json\/wp\/v2\/media?parent=645216"}],"wp:term":[{"taxonomy":"category","embeddable":true,"href":"https:\/\/www.europesays.com\/fr\/wp-json\/wp\/v2\/categories?post=645216"},{"taxonomy":"post_tag","embeddable":true,"href":"https:\/\/www.europesays.com\/fr\/wp-json\/wp\/v2\/tags?post=645216"}],"curies":[{"name":"wp","href":"https:\/\/api.w.org\/{rel}","templated":true}]}}