{"id":645218,"date":"2026-01-06T17:22:13","date_gmt":"2026-01-06T17:22:13","guid":{"rendered":"https:\/\/www.europesays.com\/fr\/645218\/"},"modified":"2026-01-06T17:22:13","modified_gmt":"2026-01-06T17:22:13","slug":"lille-le-boulevard-carnot-nouvelle-version-remet-la-voiture-a-sa-juste-place-sans-lexclure","status":"publish","type":"post","link":"https:\/\/www.europesays.com\/fr\/645218\/","title":{"rendered":"Lille. Le boulevard Carnot nouvelle version remet \u00ab\u00a0la voiture \u00e0 sa juste place, sans l&rsquo;exclure\u00a0\u00bb"},"content":{"rendered":"<p>                    Par<br \/>\n        <strong><br \/>\n            <a href=\"https:\/\/actu.fr\/auteur\/zoe-hondt\" title=\"Consulter tous les articles de Zoe Hondt\" target=\"_blank\" rel=\"noopener\">Zoe Hondt<\/a><br \/>\n                    <\/strong><\/p>\n<p>        Publi\u00e9 le<\/p>\n<p>            6 janv. 2026 \u00e0 17h04        <\/p>\n<p>C\u2019est enfin termin\u00e9 ! Il aura fallu trois ans pour <b>requalifier le boulevard Carnot\u00a0<\/b>\u00e0\u00a0<a href=\"https:\/\/actu.fr\/lille\/\" target=\"_blank\" rel=\"noopener\">Lille<\/a> (Nord). Ce mardi 6 janvier 2026 \u00e0 onze heures, cet axe important du centre-ville lillois a \u00e9t\u00e9 inaugur\u00e9 en pr\u00e9sence de <b>nombreux \u00e9lus de la r\u00e9gion<\/b> et <b>acteurs du projet<\/b>. \u00ab\u00a0Une <b>voie de circulation<\/b> dans chaque sens, des <b>trottoirs \u00e9largis<\/b>, une<b> piste cyclable bidirectionnelle<\/b> et une <b>v\u00e9g\u00e9talisation<\/b> renforc\u00e9e.\u00a0\u00bb Objectif : faire une <b>plus grande place aux pi\u00e9tons et aux v\u00e9los<\/b>, en remettant \u00ab\u00a0la voiture \u00e0 sa juste place, sans l\u2019exclure\u00a0\u00bb. Un projet de grande envergure qui a co\u00fbt\u00e9 <b>8,5 millions d\u2019euros<\/b>, dont plus de la moiti\u00e9 a \u00e9t\u00e9 investie par la <b>M\u00e9tropole Europ\u00e9enne de Lille<\/b>.<\/p>\n<p>Un nouvel am\u00e9nagement pour \u00ab\u00a0un meilleur partage de l\u2019espace public\u00a0\u00bb<\/p>\n<p class=\" wall-content\">Le boulevard Carnot affiche un tout nouveau visage. \u00ab\u00a0Avant, il y avait deux fois deux voies, s\u00e9par\u00e9es par un terre-plein central. C\u2019\u00e9tait tr\u00e8s min\u00e9ral.\u00a0\u00bb rappelle Lilika Thora, paysagiste et cog\u00e9rante du bureau de paysages Empreinte. L\u2019entreprise a \u00e9t\u00e9 sollicit\u00e9e pour concevoir une \u00ab\u00a0<b>nouvelle image<\/b>\u00a0\u00bb de Lille. Le but : cr\u00e9er \u00ab\u00a0un <b>meilleur partage de l\u2019espace public<\/b>\u00a0\u00bb et <b>favoriser les mobilit\u00e9s durables<\/b>. Le projet s\u2019inscrit \u00e9galement dans une <b>d\u00e9marche environnementale<\/b> : <b>p<\/b><b>lus de soixante arbres ont \u00e9t\u00e9 plant\u00e9s<\/b> en guise d\u2019<b>\u00eelots de fra\u00eecheur<\/b> pour l\u2019\u00e9t\u00e9.<\/p>\n<p>    <img   decoding=\"async\" loading=\"lazy\" class=\"size-large\" src=\"https:\/\/www.europesays.com\/fr\/wp-content\/uploads\/2026\/01\/5f31e3ac0d596e541e3ac0d59c941ev-960x640.jpg\" alt=\"Boulevard Carnot Lille\" width=\"960\" height=\"640\"\/><br \/>\n    L\u2019am\u00e9nagement du boulevard Carnot \u00e0 Lille (Nord) ajoute un kilom\u00e8tre de piste cyclable, aux 150 d\u00e9j\u00e0 pr\u00e9sents en ville. \u00a9Zo\u00e9 Hondt<\/p>\n<p class=\" wall-content\">Selon Arnaud Deslandes, les travaux d\u2019am\u00e9nagement ont \u00e9galement permis \u00ab\u00a0d\u2019apaiser le secteur\u00a0\u00bb en rendant l\u2019axe <b>plus s\u00e9curis\u00e9<\/b>. Aussi pour les \u00e9l\u00e8ves du <b>lyc\u00e9e Louis Pasteur<\/b> gr\u00e2ce \u00e0 <b>l\u2019\u00e9largissement des trottoirs<\/b>. \u00ab\u00a0C\u2019est \u00e0 proximit\u00e9 des mini-tunnels venant de Roubaix ou de Tourcoing, certains ont le pied lourd sur la p\u00e9dale d\u2019acc\u00e9l\u00e9ration en arrivant\u00a0\u00bb, commente le maire de la Ville. Au terme de sa prise de parole, Arnaud Deslandes f\u00e9licite une \u00ab\u00a0m\u00e9tamorphose paysag\u00e8re\u00a0\u00bb, qui dessine \u00ab\u00a0une entr\u00e9e de ville plus majestueuse\u00a0\u00bb.<\/p>\n<p class=\" wall-content\">Personnalisez votre actualit\u00e9 en ajoutant vos villes et m\u00e9dias en favori avec <a href=\"https:\/\/moncompte.actu.fr\" title=\"D\u00e9couvez Mon Actu\" rel=\"nofollow noopener\" data-trk=\"{&quot;cta&quot;:{&quot;action&quot;:&quot;https:\\\/\\\/moncompte.actu.fr&quot;,&quot;category&quot;:&quot;mon compte&quot;,&quot;from&quot;:&quot;article footer&quot;,&quot;name&quot;:&quot;Mon actu&quot;,&quot;type&quot;:&quot;cta&quot;}}\" target=\"_blank\">Mon Actu<\/a>.<\/p>\n","protected":false},"excerpt":{"rendered":"Par Zoe Hondt Publi\u00e9 le 6 janv. 2026 \u00e0 17h04 C\u2019est enfin termin\u00e9 ! Il aura fallu trois&hellip;\n","protected":false},"author":2,"featured_media":645219,"comment_status":"","ping_status":"","sticky":false,"template":"","format":"standard","meta":{"footnotes":""},"categories":[2815],"tags":[1111,11,1777,674,1011,27,811,1307,12,5765,25,104],"class_list":{"0":"post-645218","1":"post","2":"type-post","3":"status-publish","4":"format-standard","5":"has-post-thumbnail","7":"category-lille","8":"tag-actu","9":"tag-actualites","10":"tag-eu","11":"tag-europe","12":"tag-fr","13":"tag-france","14":"tag-hauts-de-france","15":"tag-lille","16":"tag-news","17":"tag-renovation-urbaine","18":"tag-republique-francaise","19":"tag-societe"},"share_on_mastodon":{"url":"https:\/\/pubeurope.com\/@fr\/115849314368542220","error":""},"_links":{"self":[{"href":"https:\/\/www.europesays.com\/fr\/wp-json\/wp\/v2\/posts\/645218","targetHints":{"allow":["GET"]}}],"collection":[{"href":"https:\/\/www.europesays.com\/fr\/wp-json\/wp\/v2\/posts"}],"about":[{"href":"https:\/\/www.europesays.com\/fr\/wp-json\/wp\/v2\/types\/post"}],"author":[{"embeddable":true,"href":"https:\/\/www.europesays.com\/fr\/wp-json\/wp\/v2\/users\/2"}],"replies":[{"embeddable":true,"href":"https:\/\/www.europesays.com\/fr\/wp-json\/wp\/v2\/comments?post=645218"}],"version-history":[{"count":0,"href":"https:\/\/www.europesays.com\/fr\/wp-json\/wp\/v2\/posts\/645218\/revisions"}],"wp:featuredmedia":[{"embeddable":true,"href":"https:\/\/www.europesays.com\/fr\/wp-json\/wp\/v2\/media\/645219"}],"wp:attachment":[{"href":"https:\/\/www.europesays.com\/fr\/wp-json\/wp\/v2\/media?parent=645218"}],"wp:term":[{"taxonomy":"category","embeddable":true,"href":"https:\/\/www.europesays.com\/fr\/wp-json\/wp\/v2\/categories?post=645218"},{"taxonomy":"post_tag","embeddable":true,"href":"https:\/\/www.europesays.com\/fr\/wp-json\/wp\/v2\/tags?post=645218"}],"curies":[{"name":"wp","href":"https:\/\/api.w.org\/{rel}","templated":true}]}}