{"id":645225,"date":"2026-01-06T17:26:13","date_gmt":"2026-01-06T17:26:13","guid":{"rendered":"https:\/\/www.europesays.com\/fr\/645225\/"},"modified":"2026-01-06T17:26:13","modified_gmt":"2026-01-06T17:26:13","slug":"ca-devrait-durer-jusqua-17-heures","status":"publish","type":"post","link":"https:\/\/www.europesays.com\/fr\/645225\/","title":{"rendered":"\u00e7a devrait durer jusqu&rsquo;\u00e0 17 heures"},"content":{"rendered":"<p>En plus des difficult\u00e9s sur les routes ce mardi \u00e0 cause du <a href=\"https:\/\/www.leprogres.fr\/transport\/2026\/01\/06\/blocages-d-agriculteurs-dans-le-rhone-deuxieme-jour-de-mobilisation-sur-la-m7-a-lyon-rceq\" target=\"_blank\" rel=\"noopener\">blocage de l&rsquo;A7 par les agriculteurs<\/a>, une \u00ab\u00a0panne d&rsquo;\u00e9nergie\u00a0\u00bb vient perturber la circulation des tramways T1 et T4.<\/p>\n<p>Selon les TCL, une panne d&rsquo;\u00e9nergie entra\u00eene l&rsquo;arr\u00eat du trafic sur une partie des itin\u00e9raires.<\/p>\n<p>Ce contenu est bloqu\u00e9 car vous n&rsquo;avez pas accept\u00e9 les cookies et autres traceurs.<\/p>\n<p>En cliquant sur \u00ab J\u2019accepte \u00bb, les cookies et autres traceurs seront d\u00e9pos\u00e9s et vous pourrez visualiser les contenus  (<a href=\"\" class=\"consentModule_policy\" target=\"_blank\" title=\"Consulter la politique de protection des donn\u00e9es du fournisseur\">plus d&rsquo;informations<\/a>).<\/p>\n<p>En cliquant sur \u00ab J\u2019accepte tous les cookies \u00bb, vous autorisez des d\u00e9p\u00f4ts de cookies et autres traceurs pour le stockage de vos donn\u00e9es sur nos sites et applications \u00e0 des fins de personnalisation et de ciblage publicitaire.<\/p>\n<p class=\"consentModule_secondaryText\">Vous gardez la possibilit\u00e9 de retirer votre consentement \u00e0 tout moment en consultant notre <a href=\"https:\/\/www.leprogres.fr\/protection-des-donnees\" target=\"_blank\" title=\"Consulter notre politique de protection des donn\u00e9es\" rel=\"noopener\">politique de protection des donn\u00e9es<\/a>. <br \/>&#13;<br \/>\n            <a href=\"https:\/\/www.leprogres.fr\/transport\/2026\/01\/06\/javascript:Didomi.notice.show()\" class=\"consentModule_cmp\" target=\"_blank\" rel=\"noopener\">G\u00e9rer mes choix<\/a>&#13;\n        <\/p>\n<p>&#13;<br \/>\n                        J&rsquo;accepte&#13;<br \/>\n            J&rsquo;accepte tous les cookies&#13;\n        <\/p>\n<p>  Le secteur de Villeurbanne non desservi<\/p>\n<p>La rame du<strong> T1<\/strong> circule actuellement seulement entre gare Part-Dieu et Debourg, le terminus. Tous les autres arr\u00eats jusqu&rsquo;\u00e0 IUT Feyssine ne sont ainsi pas desservis.<\/p>\n<p>Le<strong> T4<\/strong>, lui, circule entre l&rsquo;arr\u00eat H\u00f4pitaux Feyzin V\u00e9nissieux \u00e0 Gare Part-Dieu Villette. La desserte dans le secteur de Villeurbanne n&rsquo;est donc plus assur\u00e9e.<\/p>\n<p>Pour ces deux lignes, les TCL assurent avoir d\u00e9p\u00each\u00e9 des bus relais. D&rsquo;abord annonc\u00e9e \u00e0 15 heures, la reprise du trafic est dor\u00e9navant envisag\u00e9e \u00e0 17 heures.\u00a0<\/p>\n","protected":false},"excerpt":{"rendered":"En plus des difficult\u00e9s sur les routes ce mardi \u00e0 cause du blocage de l&rsquo;A7 par les agriculteurs,&hellip;\n","protected":false},"author":2,"featured_media":645226,"comment_status":"","ping_status":"","sticky":false,"template":"","format":"standard","meta":{"footnotes":""},"categories":[1889],"tags":[1111,11,2430,3542,2757,1777,674,107,1011,27,2428,12,25,2429,2803,6345],"class_list":{"0":"post-645225","1":"post","2":"type-post","3":"status-publish","4":"format-standard","5":"has-post-thumbnail","7":"category-lyon","8":"tag-actu","9":"tag-actualites","10":"tag-auvergne-rhone-alpes","11":"tag-circulation","12":"tag-edition-lyon-villeurbanne","13":"tag-eu","14":"tag-europe","15":"tag-fil-info","16":"tag-fr","17":"tag-france","18":"tag-lyon","19":"tag-news","20":"tag-republique-francaise","21":"tag-rhone","22":"tag-transport","23":"tag-villeurbanne"},"share_on_mastodon":{"url":"https:\/\/pubeurope.com\/@fr\/115849329784837920","error":""},"_links":{"self":[{"href":"https:\/\/www.europesays.com\/fr\/wp-json\/wp\/v2\/posts\/645225","targetHints":{"allow":["GET"]}}],"collection":[{"href":"https:\/\/www.europesays.com\/fr\/wp-json\/wp\/v2\/posts"}],"about":[{"href":"https:\/\/www.europesays.com\/fr\/wp-json\/wp\/v2\/types\/post"}],"author":[{"embeddable":true,"href":"https:\/\/www.europesays.com\/fr\/wp-json\/wp\/v2\/users\/2"}],"replies":[{"embeddable":true,"href":"https:\/\/www.europesays.com\/fr\/wp-json\/wp\/v2\/comments?post=645225"}],"version-history":[{"count":0,"href":"https:\/\/www.europesays.com\/fr\/wp-json\/wp\/v2\/posts\/645225\/revisions"}],"wp:featuredmedia":[{"embeddable":true,"href":"https:\/\/www.europesays.com\/fr\/wp-json\/wp\/v2\/media\/645226"}],"wp:attachment":[{"href":"https:\/\/www.europesays.com\/fr\/wp-json\/wp\/v2\/media?parent=645225"}],"wp:term":[{"taxonomy":"category","embeddable":true,"href":"https:\/\/www.europesays.com\/fr\/wp-json\/wp\/v2\/categories?post=645225"},{"taxonomy":"post_tag","embeddable":true,"href":"https:\/\/www.europesays.com\/fr\/wp-json\/wp\/v2\/tags?post=645225"}],"curies":[{"name":"wp","href":"https:\/\/api.w.org\/{rel}","templated":true}]}}