{"id":645229,"date":"2026-01-06T17:29:13","date_gmt":"2026-01-06T17:29:13","guid":{"rendered":"https:\/\/www.europesays.com\/fr\/645229\/"},"modified":"2026-01-06T17:29:13","modified_gmt":"2026-01-06T17:29:13","slug":"letat-recommande-deviter-tout-deplacement-mercredi","status":"publish","type":"post","link":"https:\/\/www.europesays.com\/fr\/645229\/","title":{"rendered":"L\u2019Etat recommande d\u2019\u00e9viter tout d\u00e9placement mercredi"},"content":{"rendered":"<p>Lors d\u2019un point presse mardi, le ministre des Transports Philippe Tabarot a \u00ab\u00a0fortement conseill\u00e9\u00a0\u00bb d\u2019\u00e9viter tout d\u00e9placement par route <a href=\"https:\/\/www.20minutes.fr\/planete\/4194608-20260106-meteo-rebelote-quand-va-encore-neiger-nuit-mercredi\" class=\"c-link c-link--is-underlined\" target=\"_blank\" rel=\"noopener\">mercredi <\/a>dans la r\u00e9gion <a href=\"https:\/\/www.20minutes.fr\/dossier\/ile-de-france\" class=\"c-link c-link--is-underlined\" target=\"_blank\" rel=\"noopener\">Ile-de-France<\/a>, en raison des abondantes <a href=\"https:\/\/www.20minutes.fr\/societe\/diaporama-4194498-plus-belles-images-paris-france-sous-neige\" class=\"c-link c-link--is-underlined\" target=\"_blank\" rel=\"noopener\">chutes de neige<\/a> pr\u00e9vues. Il a \u00e9galement annonc\u00e9 l\u2019interdiction de la circulation de poids lourds dans l\u2019ouest de la France et en Ile-de-France, o\u00f9 la vitesse maximale des v\u00e9hicules l\u00e9gers est aussi abaiss\u00e9e \u00e0 70\u00a0km\/h.<\/p>\n<\/p>\n<p>Les <a href=\"https:\/\/www.20minutes.fr\/societe\/4194600-20260106-neige-verglas-six-aeroports-dont-celui-nantes-fermes-mardi-paris\" class=\"c-link c-link--is-underlined\" target=\"_blank\" rel=\"noopener\">compagnies a\u00e9riennes<\/a> vont par ailleurs devoir renoncer \u00e0 une partie de leurs vols pr\u00e9vus mercredi matin dans les a\u00e9roports parisiens. Ces annulations, rendues n\u00e9cessaires par les op\u00e9rations de d\u00e9neigement des pistes et de d\u00e9givrage des avions, concerneront environ 40\u00a0% des mouvements pr\u00e9vus entre 9 heures et 14 heures \u00e0 Paris-Charles-de-Gaulle, le premier a\u00e9roport fran\u00e7ais, et 25\u00a0% entre 6 heures et 13 heures \u00e0 Orly, le deuxi\u00e8me, a pr\u00e9cis\u00e9 Philippe Tabarot.<\/p>\n<p>38 d\u00e9partements en vigilance orange<\/p>\n<p>Lors de premi\u00e8res chutes de neige lundi apr\u00e8s-midi, la Direction g\u00e9n\u00e9rale de l\u2019aviation civile (DGAC) avait demand\u00e9 aux compagnies de renoncer \u00e0 15\u00a0% de leurs vols dans les deux grands a\u00e9roports desservant la capitale.<\/p>\n<p>Mardi en d\u00e9but d\u2019apr\u00e8s-midi, M\u00e9t\u00e9o-France a plac\u00e9 38 d\u00e9partements d\u2019une large partie nord-ouest de l\u2019Hexagone en vigilance orange pour une partie de la nuit et toute la journ\u00e9e de mercredi. La vigilance orange est le deuxi\u00e8me niveau le plus \u00e9lev\u00e9, demandant \u00e0 la population d\u2019\u00eatre tr\u00e8s attentive car des ph\u00e9nom\u00e8nes dangereux sont pr\u00e9vus.<\/p>\n","protected":false},"excerpt":{"rendered":"Lors d\u2019un point presse mardi, le ministre des Transports Philippe Tabarot a \u00ab\u00a0fortement conseill\u00e9\u00a0\u00bb d\u2019\u00e9viter tout d\u00e9placement par&hellip;\n","protected":false},"author":2,"featured_media":645230,"comment_status":"","ping_status":"","sticky":false,"template":"","format":"standard","meta":{"footnotes":""},"categories":[1592],"tags":[1111,47,11,1777,674,1011,27,662,2487,2357,10584,12,626,52,25,104,2803],"class_list":{"0":"post-645229","1":"post","2":"type-post","3":"status-publish","4":"format-standard","5":"has-post-thumbnail","7":"category-ile-de-france","8":"tag-actu","9":"tag-actualite","10":"tag-actualites","11":"tag-eu","12":"tag-europe","13":"tag-fr","14":"tag-france","15":"tag-ile-de-france","16":"tag-meteo","17":"tag-meteo-france","18":"tag-neige","19":"tag-news","20":"tag-paris","21":"tag-planete","22":"tag-republique-francaise","23":"tag-societe","24":"tag-transport"},"share_on_mastodon":{"url":"https:\/\/pubeurope.com\/@fr\/115849341650667104","error":""},"_links":{"self":[{"href":"https:\/\/www.europesays.com\/fr\/wp-json\/wp\/v2\/posts\/645229","targetHints":{"allow":["GET"]}}],"collection":[{"href":"https:\/\/www.europesays.com\/fr\/wp-json\/wp\/v2\/posts"}],"about":[{"href":"https:\/\/www.europesays.com\/fr\/wp-json\/wp\/v2\/types\/post"}],"author":[{"embeddable":true,"href":"https:\/\/www.europesays.com\/fr\/wp-json\/wp\/v2\/users\/2"}],"replies":[{"embeddable":true,"href":"https:\/\/www.europesays.com\/fr\/wp-json\/wp\/v2\/comments?post=645229"}],"version-history":[{"count":0,"href":"https:\/\/www.europesays.com\/fr\/wp-json\/wp\/v2\/posts\/645229\/revisions"}],"wp:featuredmedia":[{"embeddable":true,"href":"https:\/\/www.europesays.com\/fr\/wp-json\/wp\/v2\/media\/645230"}],"wp:attachment":[{"href":"https:\/\/www.europesays.com\/fr\/wp-json\/wp\/v2\/media?parent=645229"}],"wp:term":[{"taxonomy":"category","embeddable":true,"href":"https:\/\/www.europesays.com\/fr\/wp-json\/wp\/v2\/categories?post=645229"},{"taxonomy":"post_tag","embeddable":true,"href":"https:\/\/www.europesays.com\/fr\/wp-json\/wp\/v2\/tags?post=645229"}],"curies":[{"name":"wp","href":"https:\/\/api.w.org\/{rel}","templated":true}]}}