{"id":645231,"date":"2026-01-06T17:30:12","date_gmt":"2026-01-06T17:30:12","guid":{"rendered":"https:\/\/www.europesays.com\/fr\/645231\/"},"modified":"2026-01-06T17:30:12","modified_gmt":"2026-01-06T17:30:12","slug":"tournoi-des-six-nations-2026-france-televisions-revend-a-tf-1-neuf-matchs-dont-deux-du-xv-de-france","status":"publish","type":"post","link":"https:\/\/www.europesays.com\/fr\/645231\/","title":{"rendered":"Tournoi des Six Nations 2026\u00a0: France T\u00e9l\u00e9visions revend \u00e0 TF\u00a01 neuf matchs dont deux du XV de France"},"content":{"rendered":"<p class=\"paragraph text_align_left lp-f-body-02\">TF 1 entre dans la m\u00eal\u00e9e. Un mois pile avant le coup d\u2019envoi <a href=\"https:\/\/www.leparisien.fr\/sports\/rugby\/tournoi-des-6-nations\/\" target=\"_blank\" rel=\"noreferrer noopener\">du <\/a><a href=\"https:\/\/www.leparisien.fr\/sports\/rugby\/tournoi-des-6-nations\/\" target=\"_blank\" rel=\"noreferrer noopener\">tournoi des Six Nations 2026<\/a>, France T\u00e9l\u00e9visions annonce avoir revendu une part importante des rencontres. Heureux acqu\u00e9reur : TF 1 qui a achet\u00e9 neuf matchs au total sur les quinze que compte la comp\u00e9tition. Et devient donc, pour une ann\u00e9e seulement, co-diffuseur de l\u2019\u00e9v\u00e9nement.<\/p>\n<p class=\"\">Parmi les rencontres dans sa besace, la Une proposera, toujours selon nos informations, deux matchs <a href=\"https:\/\/www.leparisien.fr\/sports\/rugby\/xv-de-france\/\" target=\"_blank\" rel=\"noreferrer noopener\">du XV de France<\/a> : leur d\u00e9placement \u00e0 l\u2019ext\u00e9rieur contre le Pays de Galles, le 15 f\u00e9vrier 2026 \u00e0 16 heures, puis celui en \u00c9cosse le 7 mars \u00e0 15 heures.<\/p>\n<p class=\"\">France T\u00e9l\u00e9visions s\u2019est gard\u00e9 les trois matchs des Bleus \u00e0 domicile, dont le tr\u00e8s attendu coup d\u2019envoi du tournoi contre l\u2019Irlande, le 5 f\u00e9vrier, \u00e0 21 heures, \u00e0 la veille de la c\u00e9r\u00e9monie d\u2019ouverture des Jeux olympiques d\u2019hiver de Milan et Cortina d\u2019Ampezzo que proposera le groupe public. Puis le match de cl\u00f4ture contre l\u2019Angleterre, d\u00e9terminant pour le classement g\u00e9n\u00e9ral, le 14 mars \u00e0 21 heures. Deux rencontres qui devraient logiquement g\u00e9n\u00e9rer les plus fortes audiences du tournoi.<\/p>\n<p>France T\u00e9l\u00e9visions a d\u00fb se r\u00e9signer \u00e0 revoir son catalogue de droits sportifs<\/p>\n<p class=\"\">Cette immixtion de TF 1 dans le Six Nations n\u2019est pas vraiment une surprise. L\u2019ann\u00e9e derni\u00e8re, <a href=\"https:\/\/www.leparisien.fr\/culture-loisirs\/tv\/tf-1-est-tres-interesse-le-tournoi-des-six-nations-objet-de-toutes-les-convoitises-01-02-2025-LOXWNQ6WJZASRFS2FWGDRZ2YDU.php\" target=\"_blank\" rel=\"noreferrer noopener\">la cha\u00eene priv\u00e9e avait tent\u00e9 de chiper les droits du tournoi \u00e0 France T\u00e9l\u00e9visions<\/a>, son diffuseur historique. Le service public avait finalement r\u00e9ussi \u00e0 les s\u00e9curiser jusqu\u2019en 2029 pour plus de 30 millions d\u2019euros par an. Mais <a href=\"https:\/\/www.leparisien.fr\/culture-loisirs\/tv\/on-est-en-pleine-tempete-face-a-la-crise-la-television-passe-en-mode-low-cost-29-11-2025-RR64I3HI7VHINOQZJL36I7FVEA.php\" target=\"_blank\" rel=\"noreferrer noopener\">contrainte de faire plus de 150 millions d\u2019euros d\u2019\u00e9conomies<\/a>, France T\u00e9l\u00e9visions a d\u00fb se r\u00e9signer \u00e0 revoir son catalogue de droits sportifs. Une revente d\u2019une partie du Six nations comme de matchs de la Coupe de France de football ont \u00e9t\u00e9 mis sur la table cet automne.<\/p>\n<p class=\"\">Pour TF 1, cette incursion marque une nouvelle \u00e9tape de son d\u00e9veloppement dans le rugby. Ces derni\u00e8res ann\u00e9es, la cha\u00eene a accumul\u00e9 l\u2019acquisition de matchs dans cette discipline. Elle poss\u00e8de ainsi les droits des test-matchs d\u2019automne, mais aussi ceux de la Coupe des nations 2026 et 2028, une nouvelle comp\u00e9tition o\u00f9 vont s\u2019affronte tous les deux ans les douze meilleurs pays au monde. <\/p>\n<p class=\"\">Surtout, TF 1 reste le diffuseur historique de la Coupe du monde de rugby, dont elle a diffus\u00e9 la derni\u00e8re \u00e9dition, et est assur\u00e9 de retransmettre la prochaine \u00e0 l\u2019automne 2027, en Australie.<\/p>\n","protected":false},"excerpt":{"rendered":"TF 1 entre dans la m\u00eal\u00e9e. Un mois pile avant le coup d\u2019envoi du tournoi des Six Nations&hellip;\n","protected":false},"author":2,"featured_media":645232,"comment_status":"","ping_status":"","sticky":false,"template":"","format":"standard","meta":{"footnotes":""},"categories":[1888],"tags":[1111,1928,11,1927,872,1777,674,1011,27,12,1926,626,1925,25,60,2205],"class_list":{"0":"post-645231","1":"post","2":"type-post","3":"status-publish","4":"format-standard","5":"has-post-thumbnail","7":"category-paris","8":"tag-actu","9":"tag-actu-paris","10":"tag-actualites","11":"tag-actualites-paris","12":"tag-culture-et-loisirs","13":"tag-eu","14":"tag-europe","15":"tag-fr","16":"tag-france","17":"tag-news","18":"tag-news-paris","19":"tag-paris","20":"tag-paris-news","21":"tag-republique-francaise","22":"tag-sports","23":"tag-television-medias"},"share_on_mastodon":{"url":"https:\/\/pubeurope.com\/@fr\/115849345322182981","error":""},"_links":{"self":[{"href":"https:\/\/www.europesays.com\/fr\/wp-json\/wp\/v2\/posts\/645231","targetHints":{"allow":["GET"]}}],"collection":[{"href":"https:\/\/www.europesays.com\/fr\/wp-json\/wp\/v2\/posts"}],"about":[{"href":"https:\/\/www.europesays.com\/fr\/wp-json\/wp\/v2\/types\/post"}],"author":[{"embeddable":true,"href":"https:\/\/www.europesays.com\/fr\/wp-json\/wp\/v2\/users\/2"}],"replies":[{"embeddable":true,"href":"https:\/\/www.europesays.com\/fr\/wp-json\/wp\/v2\/comments?post=645231"}],"version-history":[{"count":0,"href":"https:\/\/www.europesays.com\/fr\/wp-json\/wp\/v2\/posts\/645231\/revisions"}],"wp:featuredmedia":[{"embeddable":true,"href":"https:\/\/www.europesays.com\/fr\/wp-json\/wp\/v2\/media\/645232"}],"wp:attachment":[{"href":"https:\/\/www.europesays.com\/fr\/wp-json\/wp\/v2\/media?parent=645231"}],"wp:term":[{"taxonomy":"category","embeddable":true,"href":"https:\/\/www.europesays.com\/fr\/wp-json\/wp\/v2\/categories?post=645231"},{"taxonomy":"post_tag","embeddable":true,"href":"https:\/\/www.europesays.com\/fr\/wp-json\/wp\/v2\/tags?post=645231"}],"curies":[{"name":"wp","href":"https:\/\/api.w.org\/{rel}","templated":true}]}}