{"id":645235,"date":"2026-01-06T17:32:10","date_gmt":"2026-01-06T17:32:10","guid":{"rendered":"https:\/\/www.europesays.com\/fr\/645235\/"},"modified":"2026-01-06T17:32:10","modified_gmt":"2026-01-06T17:32:10","slug":"les-archives-de-paris-habitat-passeurs-de-memoires","status":"publish","type":"post","link":"https:\/\/www.europesays.com\/fr\/645235\/","title":{"rendered":"Les archives de Paris Habitat : passeurs de m\u00e9moires"},"content":{"rendered":"<ol>\n<li><a href=\"https:\/\/www.parishabitat.fr\" target=\"_blank\" rel=\"noopener\">Accueil<\/a><\/li>\n<li><a href=\"https:\/\/www.parishabitat.fr\/actualites\/\" target=\"_blank\" rel=\"noopener\">Actualit\u00e9s<\/a><\/li>\n<\/ol>\n<p>\n                    Depuis le 8 octobre dernier et jusqu\u2019au 8 f\u00e9vrier prochain, le mus\u00e9e Carnavalet (4e) pose \u00ab\u00a0un regard sur la population parisienne de l\u2019entre-deux-guerres\u00a0\u00bb avec son exposition intitul\u00e9e \u00ab\u00a0Les gens de Paris, 1926-1936\u00a0\u00bb. Construite \u00e0 partir de trois recensements de population r\u00e9alis\u00e9s au premier tiers du 20e si\u00e8cle, cette exposition plonge parmi de nombreuses archives dont trois photographies pr\u00eat\u00e9es par le service des archives de Paris Habitat. Celui-ci dispose en effet d\u2019un riche fonds retra\u00e7ant par exemple, la construction des premi\u00e8res Habitations bon march\u00e9 au d\u00e9but du 20e si\u00e8cle. Nous sommes all\u00e9s \u00e0 la rencontre de ce service pas comme les autres.                 <\/p>\n","protected":false},"excerpt":{"rendered":"Accueil Actualit\u00e9s Depuis le 8 octobre dernier et jusqu\u2019au 8 f\u00e9vrier prochain, le mus\u00e9e Carnavalet (4e) pose \u00ab\u00a0un&hellip;\n","protected":false},"author":2,"featured_media":645236,"comment_status":"","ping_status":"","sticky":false,"template":"","format":"standard","meta":{"footnotes":""},"categories":[1888],"tags":[11,1777,674,1011,27,12,626,25],"class_list":{"0":"post-645235","1":"post","2":"type-post","3":"status-publish","4":"format-standard","5":"has-post-thumbnail","7":"category-paris","8":"tag-actualites","9":"tag-eu","10":"tag-europe","11":"tag-fr","12":"tag-france","13":"tag-news","14":"tag-paris","15":"tag-republique-francaise"},"share_on_mastodon":{"url":"https:\/\/pubeurope.com\/@fr\/115849353214773898","error":""},"_links":{"self":[{"href":"https:\/\/www.europesays.com\/fr\/wp-json\/wp\/v2\/posts\/645235","targetHints":{"allow":["GET"]}}],"collection":[{"href":"https:\/\/www.europesays.com\/fr\/wp-json\/wp\/v2\/posts"}],"about":[{"href":"https:\/\/www.europesays.com\/fr\/wp-json\/wp\/v2\/types\/post"}],"author":[{"embeddable":true,"href":"https:\/\/www.europesays.com\/fr\/wp-json\/wp\/v2\/users\/2"}],"replies":[{"embeddable":true,"href":"https:\/\/www.europesays.com\/fr\/wp-json\/wp\/v2\/comments?post=645235"}],"version-history":[{"count":0,"href":"https:\/\/www.europesays.com\/fr\/wp-json\/wp\/v2\/posts\/645235\/revisions"}],"wp:featuredmedia":[{"embeddable":true,"href":"https:\/\/www.europesays.com\/fr\/wp-json\/wp\/v2\/media\/645236"}],"wp:attachment":[{"href":"https:\/\/www.europesays.com\/fr\/wp-json\/wp\/v2\/media?parent=645235"}],"wp:term":[{"taxonomy":"category","embeddable":true,"href":"https:\/\/www.europesays.com\/fr\/wp-json\/wp\/v2\/categories?post=645235"},{"taxonomy":"post_tag","embeddable":true,"href":"https:\/\/www.europesays.com\/fr\/wp-json\/wp\/v2\/tags?post=645235"}],"curies":[{"name":"wp","href":"https:\/\/api.w.org\/{rel}","templated":true}]}}