{"id":645241,"date":"2026-01-06T17:35:12","date_gmt":"2026-01-06T17:35:12","guid":{"rendered":"https:\/\/www.europesays.com\/fr\/645241\/"},"modified":"2026-01-06T17:35:12","modified_gmt":"2026-01-06T17:35:12","slug":"a-paris-un-accord-sur-des-garanties-de-securite","status":"publish","type":"post","link":"https:\/\/www.europesays.com\/fr\/645241\/","title":{"rendered":"\u00e0 Paris, un accord sur des garanties de s\u00e9curit\u00e9"},"content":{"rendered":"<p>Con\u00e7ue il y a un an pour calibrer la r\u00e9ponse europ\u00e9enne et donner des garanties de s\u00e9curit\u00e9 aussi solides que possible \u00e0 l\u2019Ukraine \u00ab\u00a0quoiqu\u2019il advienne \u00e0 Washington\u00a0\u00bb, la coalition des volontaires a fait un pas important, mardi 6\u00a0janvier 2026 \u00e0 Paris, en ramenant les Am\u00e9ricains \u00ab\u00a0au plus pr\u00e8s\u00a0\u00bb des alli\u00e9s europ\u00e9ens de Kiev. Les \u00c9tats-Unis, repr\u00e9sent\u00e9s par l\u2019\u00e9missaire Steve\u00a0Witkoff\u00a0et le gendre de Donald Trump, Jared Kushner, devaient accepter d\u2019apporter leur \u00ab\u00a0soutien\u00a0\u00bb \u00e0 la force multinationale europ\u00e9enne \u00ab\u00a0en cas d\u2019attaque\u00a0\u00bb russe, selon le projet de d\u00e9claration du sommet diffus\u00e9 quelques heures avant sa cl\u00f4ture, mardi soir.<\/p>\n<p>Cet article est r\u00e9serv\u00e9 aux abonn\u00e9s<\/p>\n<p>\n                    Vous souhaitez lire la suite\u00a0? Abonnez-vous sans engagement \u00e0 notre offre num\u00e9rique\n                <\/p>\n<p>                <a href=\"https:\/\/abonnement.la-croix.com\" class=\"default-paywall__subscribe-button\" data-tracking=\"cta_click\" data-tracking-action=\"voir la page abonnement\" data-tracking-category=\"abonnement\" target=\"_blank\" rel=\"noopener\">Je m&rsquo;abonne<\/a><\/p>\n","protected":false},"excerpt":{"rendered":"Con\u00e7ue il y a un an pour calibrer la r\u00e9ponse europ\u00e9enne et donner des garanties de s\u00e9curit\u00e9 aussi&hellip;\n","protected":false},"author":2,"featured_media":645242,"comment_status":"","ping_status":"","sticky":false,"template":"","format":"standard","meta":{"footnotes":""},"categories":[1590],"tags":[11,1777,674,12,220],"class_list":{"0":"post-645241","1":"post","2":"type-post","3":"status-publish","4":"format-standard","5":"has-post-thumbnail","7":"category-ukraine","8":"tag-actualites","9":"tag-eu","10":"tag-europe","11":"tag-news","12":"tag-ukraine"},"share_on_mastodon":{"url":"https:\/\/pubeurope.com\/@fr\/115849365063355766","error":""},"_links":{"self":[{"href":"https:\/\/www.europesays.com\/fr\/wp-json\/wp\/v2\/posts\/645241","targetHints":{"allow":["GET"]}}],"collection":[{"href":"https:\/\/www.europesays.com\/fr\/wp-json\/wp\/v2\/posts"}],"about":[{"href":"https:\/\/www.europesays.com\/fr\/wp-json\/wp\/v2\/types\/post"}],"author":[{"embeddable":true,"href":"https:\/\/www.europesays.com\/fr\/wp-json\/wp\/v2\/users\/2"}],"replies":[{"embeddable":true,"href":"https:\/\/www.europesays.com\/fr\/wp-json\/wp\/v2\/comments?post=645241"}],"version-history":[{"count":0,"href":"https:\/\/www.europesays.com\/fr\/wp-json\/wp\/v2\/posts\/645241\/revisions"}],"wp:featuredmedia":[{"embeddable":true,"href":"https:\/\/www.europesays.com\/fr\/wp-json\/wp\/v2\/media\/645242"}],"wp:attachment":[{"href":"https:\/\/www.europesays.com\/fr\/wp-json\/wp\/v2\/media?parent=645241"}],"wp:term":[{"taxonomy":"category","embeddable":true,"href":"https:\/\/www.europesays.com\/fr\/wp-json\/wp\/v2\/categories?post=645241"},{"taxonomy":"post_tag","embeddable":true,"href":"https:\/\/www.europesays.com\/fr\/wp-json\/wp\/v2\/tags?post=645241"}],"curies":[{"name":"wp","href":"https:\/\/api.w.org\/{rel}","templated":true}]}}