{"id":645247,"date":"2026-01-06T17:38:11","date_gmt":"2026-01-06T17:38:11","guid":{"rendered":"https:\/\/www.europesays.com\/fr\/645247\/"},"modified":"2026-01-06T17:38:11","modified_gmt":"2026-01-06T17:38:11","slug":"en-allemagne-le-systeme-de-consigne-des-bouteilles-en-verre-est-menace","status":"publish","type":"post","link":"https:\/\/www.europesays.com\/fr\/645247\/","title":{"rendered":"En Allemagne, le syst\u00e8me de consigne des bouteilles en verre est menac\u00e9"},"content":{"rendered":"\n<p>Le c\u00e9l\u00e8bre syst\u00e8me de consigne allemand est-il en p\u00e9ril\u00a0? C\u2019est en tout cas <a class=\"ithalc\" data-ithal=\"lien_externe\" data-ithalc=\"[nav_article]\" target=\"_blank\" href=\"https:\/\/www.zeit.de\/2026\/01\/pfand-glasflaschen-mehrweg-acht-cent-muell-getraenkeindustrie\/komplettansicht\" rel=\"noopener\">ce que laisse entendre <strong>Die Zeit<\/strong><\/a><strong>.<\/strong> Et la hausse des prix y serait pour quelque chose. Outre-Rhin, \u201cpresque tout a augment\u00e9 ces derni\u00e8res ann\u00e9es\u00a0: le co\u00fbt de l\u2019alimentation, les factures d\u2019\u00e9lectricit\u00e9, les loyers\u201d. Tout, sauf le prix de la consigne des bouteilles en verre, qui s\u2019\u00e9l\u00e8ve g\u00e9n\u00e9ralement \u00e0 8\u00a0centimes d\u2019euro pour une bouteille de 50\u00a0centilitres. Une somme qui s\u2019ajoute au prix de la boisson achet\u00e9e par le consommateur, et qu\u2019il r\u00e9cup\u00e8re sous forme de bon d\u2019achat ou d\u2019esp\u00e8ces quand il d\u00e9pose la bouteille dans une machine de d\u00e9consignation.<\/p>\n<p>Ces 8\u00a0centimes d\u2019euro correspondent grosso modo au prix pratiqu\u00e9 dans les ann\u00e9es 1960, avant que la vente de boissons consign\u00e9es ne devienne obligatoire outre-Rhin.<\/p>\n<p>Pour l\u2019hebdomadaire de gauche, un tarif aussi bas met en danger le dispositif, comme le montre l\u2019exemple de Fritz-Kola. \u201cLe producteur de soda, originaire de Hambourg, manque de plus en plus souvent de bouteilles en verre, car les clients ne les rapportent visiblement plus en magasin.\u201d<\/p>\n<p>En 2025, seules 83\u00a0% des bouteilles de 33\u00a0centilitres vendues par l\u2019entreprise ont \u00e9t\u00e9 ramen\u00e9es par des clients, beaucoup ne voyant pas l\u2019int\u00e9r\u00eat de se d\u00e9placer pour un montant aussi maigre que celui de la consigne. \u201cLa somme est tellement d\u00e9risoire que m\u00eame ceux qui ramassaient les bouteilles [dans les poubelles] pour se faire un peu d\u2019argent ne semblent plus s\u2019y int\u00e9resser.\u201d<\/p>\n<p>               \u201cLa g\u00e9n\u00e9ration Z aime les canettes\u201d       <\/p>\n<p>\u201cCe mat\u00e9riau autrefois valoris\u00e9 risque de se transformer en simple contenant sans aucune valeur\u201d, se d\u00e9sole le journal. Il pr\u00e9cise que les bouteilles en plastique et les canettes ne sont pas concern\u00e9es par ce ph\u00e9nom\u00e8ne, car la consigne qui leur est associ\u00e9e est plus \u00e9lev\u00e9e \u2013 en moyenne 25\u00a0centimes d\u2019euro. Et que \u201cla g\u00e9n\u00e9ration Z aime les canettes\u201d, qu\u2019elle consid\u00e8re comme extr\u00eamement pratiques. Probl\u00e8me\u00a0: leur recyclage est bien plus \u00e9nergivore que la r\u00e9utilisation de contenants en verre.<\/p>\n<p>Dans ce contexte, certaines entreprises appellent \u00e0 un r\u00e9\u00e9quilibrage du prix des bouteilles en verre. \u201cAvec un montant plus \u00e9lev\u00e9, nous d\u00e9passerions sans doute largement les 90\u00a0% de taux de r\u00e9cup\u00e9ration\u201d, assure Mirco Wolf Wiegert, patron de Fritz-Kola.<\/p>\n<p>Mais une telle mesure est loin de faire l\u2019unanimit\u00e9, notamment parce que sa mise en place se r\u00e9v\u00e9lerait complexe. \u201cL\u2019augmentation soudaine du montant de la consigne mettrait en difficult\u00e9 les petites brasseries, analyse la Zeit. Car des clients ayant pay\u00e9 8\u00a0centimes d\u2019euro de consigne par bouteille pourraient exiger le remboursement d\u2019un montant sup\u00e9rieur lors du retour en magasin.\u201d<\/p>\n","protected":false},"excerpt":{"rendered":"Le c\u00e9l\u00e8bre syst\u00e8me de consigne allemand est-il en p\u00e9ril\u00a0? C\u2019est en tout cas ce que laisse entendre Die&hellip;\n","protected":false},"author":2,"featured_media":645248,"comment_status":"","ping_status":"","sticky":false,"template":"","format":"standard","meta":{"footnotes":""},"categories":[1587],"tags":[11,672,1804,130,1805,1803,1777,674,1801,75124,9345,12,3887,1802,1857,2542],"class_list":{"0":"post-645247","1":"post","2":"type-post","3":"status-publish","4":"format-standard","5":"has-post-thumbnail","7":"category-allemagne","8":"tag-actualites","9":"tag-allemagne","10":"tag-bundesrepublik-deutschland","11":"tag-consommation","12":"tag-de","13":"tag-deutschland","14":"tag-eu","15":"tag-europe","16":"tag-germany","17":"tag-gestion-des-du00e9chets","18":"tag-inflation","19":"tag-news","20":"tag-recyclage","21":"tag-republique-federale-dallemagne","22":"tag-sociu00e9tu00e9","23":"tag-u00e9conomie"},"share_on_mastodon":{"url":"https:\/\/pubeurope.com\/@fr\/115849378348837461","error":""},"_links":{"self":[{"href":"https:\/\/www.europesays.com\/fr\/wp-json\/wp\/v2\/posts\/645247","targetHints":{"allow":["GET"]}}],"collection":[{"href":"https:\/\/www.europesays.com\/fr\/wp-json\/wp\/v2\/posts"}],"about":[{"href":"https:\/\/www.europesays.com\/fr\/wp-json\/wp\/v2\/types\/post"}],"author":[{"embeddable":true,"href":"https:\/\/www.europesays.com\/fr\/wp-json\/wp\/v2\/users\/2"}],"replies":[{"embeddable":true,"href":"https:\/\/www.europesays.com\/fr\/wp-json\/wp\/v2\/comments?post=645247"}],"version-history":[{"count":0,"href":"https:\/\/www.europesays.com\/fr\/wp-json\/wp\/v2\/posts\/645247\/revisions"}],"wp:featuredmedia":[{"embeddable":true,"href":"https:\/\/www.europesays.com\/fr\/wp-json\/wp\/v2\/media\/645248"}],"wp:attachment":[{"href":"https:\/\/www.europesays.com\/fr\/wp-json\/wp\/v2\/media?parent=645247"}],"wp:term":[{"taxonomy":"category","embeddable":true,"href":"https:\/\/www.europesays.com\/fr\/wp-json\/wp\/v2\/categories?post=645247"},{"taxonomy":"post_tag","embeddable":true,"href":"https:\/\/www.europesays.com\/fr\/wp-json\/wp\/v2\/tags?post=645247"}],"curies":[{"name":"wp","href":"https:\/\/api.w.org\/{rel}","templated":true}]}}