{"id":645251,"date":"2026-01-06T17:40:25","date_gmt":"2026-01-06T17:40:25","guid":{"rendered":"https:\/\/www.europesays.com\/fr\/645251\/"},"modified":"2026-01-06T17:40:25","modified_gmt":"2026-01-06T17:40:25","slug":"quelles-menaces-lue-fait-elle-peser-sur-des-millions-de-voitures-anciennes","status":"publish","type":"post","link":"https:\/\/www.europesays.com\/fr\/645251\/","title":{"rendered":"Quelles menaces l&rsquo;UE fait-elle peser sur des millions de voitures \u00ab\u00a0anciennes\u00a0\u00bb ?"},"content":{"rendered":"<p itemprop=\"description\">L\u2019Union europ\u00e9enne, dans sa volont\u00e9 de<br \/>\nverdir le parc automobile, a r\u00e9cemment fait trembler des millions<br \/>\nde propri\u00e9taires de v\u00e9hicules thermiques.<\/p>\n<p>Si la menace d\u00a0\u00bbun contr\u00f4le technique annuel pour les v\u00e9hicules<br \/>\nde plus de dix ans a \u00e9t\u00e9 \u00e9cart\u00e9e, l&rsquo;incertitude demeure pour les<br \/>\npropri\u00e9taires de diesels avec le rebondissement judiciaire de<br \/>\nl&rsquo;affaire Volkswagen. Plus inqui\u00e9tant encore, Bruxelles envisage<br \/>\nd&rsquo;appliquer r\u00e9troactivement des normes de mesure de particules<br \/>\nmodernes aux v\u00e9hicules Euro 5 et 6. Ce projet, soutenu par le T\u00dcV<br \/>\nmais d\u00e9cri\u00e9 par l&rsquo;ADAC comme in\u00e9quitable, risque de rendre non<br \/>\nconformes des millions de voitures sur la base de crit\u00e8res<br \/>\ninexistants lors de leur conception. On vous explique.<\/p>\n<p>Fausse alerte sur le contr\u00f4le technique<\/p>\n<p>On a fr\u00f4l\u00e9 la catastrophe, ou du moins c\u2019est le sentiment qui<br \/>\npr\u00e9domine chez les amateurs de vieilles m\u00e9caniques. Si vous<br \/>\nposs\u00e9dez une voiture qui f\u00eate sa dixi\u00e8me bougie, ou peut-\u00eatre<br \/>\nbichonnez-vous une <a href=\"https:\/\/www.autoplus.fr\/pratique\/youngtimers-moins-de-20-000-euros-saisir-en-2025-1379930.html\" target=\"_blank\" rel=\"noopener\"><br \/>\nyoungtimer<\/a>, vous avez certainement eu chaud. Bruxelles allait<br \/>\nd\u00e9cider que votre voiture devenait suspecte voire dangereuse par<br \/>\nprincipe. <strong>L&rsquo;id\u00e9e qui flottait dans les couloirs de la<br \/>\nCommission voulait imposer un passage au contr\u00f4le technique chaque<br \/>\nann\u00e9e pour tout v\u00e9hicule d\u00e9passant la d\u00e9cennie<\/strong>.<\/p>\n<p>Heureusement, la raison a fini par l&#8217;emporter, mais il s&rsquo;en est<br \/>\nfallu de peu. En d\u00e9cembre 2025, <strong>les ministres des<br \/>\nTransports des \u00c9tats membres ont mis un coup d&rsquo;arr\u00eat \u00e0 ce<br \/>\nprojet<\/strong>. Les experts s&rsquo;accordent \u00e0 dire que le rythme<br \/>\nactuel suffit amplement \u00e0 rep\u00e9rer les disques de frein fatigu\u00e9s ou<br \/>\nles rotules capricieuses. Imposer une visite annuelle aurait \u00e9t\u00e9<br \/>\nv\u00e9cu comme une taxe d\u00e9guis\u00e9e et une lourdeur administrative sans<br \/>\nv\u00e9ritable gain pour la <a href=\"https:\/\/www.autoplus.fr\/securite-routiere\" target=\"_blank\" rel=\"noopener\">s\u00e9curit\u00e9<br \/>\nrouti\u00e8re<\/a>.<\/p>\n<p>Cependant, si l&rsquo;on respire mieux c\u00f4t\u00e9 contr\u00f4le technique,<br \/>\nl&rsquo;atmosph\u00e8re reste lourde pour les propri\u00e9taires de certains<br \/>\ndiesels. C&rsquo;est le retour du <a href=\"https:\/\/www.autoplus.fr\/environnement\/dieselgate-nouveau-rebondissement-dans-laffaire-qui-a-secoue-lindustrie-automobile-1398345.html\" target=\"_blank\" rel=\"noopener\"><br \/>\nDieselgate<\/a>, une histoire sans fin qui continue de hanter<br \/>\nl\u2019automobile. Le tribunal administratif sup\u00e9rieur du<br \/>\nSchleswig-Holstein a jet\u00e9 un pav\u00e9 dans la mare en d\u00e9clarant<br \/>\nill\u00e9gale la mise \u00e0 jour logicielle effectu\u00e9e par Volkswagen sur les<br \/>\nmoteurs de la s\u00e9rie EA 189 (Euro 5). M\u00eame si le jugement n&rsquo;est pas<br \/>\nencore d\u00e9finitif (VW ayant annonc\u00e9 son intention de faire appel)<br \/>\nl&rsquo;incertitude est totale. On se retrouve dans une situation<br \/>\nubuesque o\u00f9 des voitures mises \u00e0 jour pour \u00eatre conformes<br \/>\npourraient finalement ne plus l&rsquo;\u00eatre. Pour le propri\u00e9taire lambda,<br \/>\nc&rsquo;est la double peine. Non seulement il ne sait plus sur quel pied<br \/>\ndanser vis-\u00e0-vis de la loi, <strong>mais il voit aussi la valeur de<br \/>\nrevente de son v\u00e9hicule fondre comme neige au soleil<\/strong>.<br \/>\nPersonne n&rsquo;a envie d&rsquo;acheter une voiture dont le statut l\u00e9gal est<br \/>\nen suspens, cr\u00e9ant un pr\u00e9judice financier bien r\u00e9el pour les<br \/>\nparticuliers qui n&rsquo;avaient rien demand\u00e9.<\/p>\n<p>Le pi\u00e8ge des particules fines<\/p>\n<p>Si le contr\u00f4le annuel est enterr\u00e9, une autre menace, plus<br \/>\nsournoise, se profile \u00e0 l&rsquo;horizon. Elle concerne potentiellement 16<br \/>\nmillions de voitures rien qu&rsquo;en Allemagne, principalement celles<br \/>\nr\u00e9pondant aux normes Euro 5 et 6. Comme le rapporte le m\u00e9dia<br \/>\n<a href=\"https:\/\/www.autobild.de\/artikel\/abgas-und-partikeltests-eu-plaene-fuer-aeltere-autos-und-oldtimer-28421279.html\" target=\"_blank\" rel=\"noopener\"><br \/>\nAutoBild<\/a>, l<strong>&lsquo;id\u00e9e qui circule \u00e0 Bruxelles est<br \/>\nd&rsquo;appliquer les normes de mesure actuelles, tr\u00e8s strictes, \u00e0 ces<br \/>\nv\u00e9hicules plus anciens<\/strong> ! Concr\u00e8tement, cela reviendrait \u00e0<br \/>\n\u00e9valuer une voiture con\u00e7ue en 2012 avec les exigences de 2026.<br \/>\nL&rsquo;inqui\u00e9tude se cristallise autour des mesures de particules \u00e0<br \/>\nl&rsquo;\u00e9chappement. On parle ici d&rsquo;appliquer les seuils d&rsquo;\u00e9missions des<br \/>\nnormes Euro 5b (v\u00e9hicules d&rsquo;avant 2013) et 6c (avant septembre<br \/>\n2018) lors des contr\u00f4les p\u00e9riodiques. Il faut le reconna\u00eetre,<br \/>\nappliquer r\u00e9troactivement des seuils techniques \u00e0 des voitures qui<br \/>\nont \u00e9t\u00e9 homologu\u00e9es \u00e0 une \u00e9poque o\u00f9 ces valeurs n&rsquo;\u00e9taient pas la<br \/>\nnorme est un terrain glissant. De plus, c&rsquo;est un principe de base<br \/>\nen droit, <strong>on ne change pas la loi pour le pass\u00e9<\/strong>.<br \/>\nLa porte-parole de l\u2019ADAC, Katharina Luc\u00e0, ne m\u00e2che pas ses mots.<br \/>\nElle rappelle qu&rsquo;\u00e0 l&rsquo;\u00e9poque de l&rsquo;homologation des diesels Euro 5a<br \/>\n(obligatoire pour les nouveaux types d\u00e8s 2009), la mesure du nombre<br \/>\nde particules n&rsquo;\u00e9tait tout simplement pas au programme. Vouloir<br \/>\nimposer aujourd&rsquo;hui une limite de 1 million de particules par<br \/>\ncentim\u00e8tre cube n\u00e9cessiterait non seulement une mise \u00e0 jour<br \/>\nco\u00fbteuse des appareils de mesure, mais aussi une v\u00e9rification<br \/>\npr\u00e9alable pour savoir si c&rsquo;est physiquement applicable. Pour<br \/>\nl&rsquo;ADAC, \u00e9tendre cette mesure aux Euro 5b sans une \u00e9tude d&rsquo;impact<br \/>\nmassive serait une erreur.<\/p>\n<p>M\u00eame son de cloche concernant les moteurs essence r\u00e9cents (Euro<br \/>\n6c). L&rsquo;ADAC souligne qu&rsquo;il n&rsquo;est absolument pas garanti que les<br \/>\nproc\u00e9dures de test actuelles puissent s&rsquo;appliquer correctement \u00e0<br \/>\nces v\u00e9hicules. Il faudrait d\u00e9finir des valeurs limites pratiques<br \/>\nqui correspondent \u00e0 la r\u00e9alit\u00e9 de ces moteurs, et non plaquer<br \/>\naveugl\u00e9ment des normes modernes. Le T\u00dcV (l&rsquo;association des<br \/>\norganismes de contr\u00f4le technique allemand) adopte une posture<br \/>\nbeaucoup plus offensive. Eux recommandent d&rsquo;\u00e9largir la mesure des<br \/>\nparticules aux diesels Euro 5b et aux essences \u00e0 injection directe<br \/>\nd\u00e8s la classe 6. Selon Richard Goebelt, la technologie de<br \/>\npost-traitement des gaz \u00e9tait d\u00e9j\u00e0 install\u00e9e sur ces v\u00e9hicules. D\u00e8s<br \/>\nl&rsquo;introduction de la norme Euro 5b, une valeur de masse de<br \/>\nparticules avait \u00e9t\u00e9 fix\u00e9e. Pour les contr\u00f4leurs, la voiture est<br \/>\n\u00e9quip\u00e9e pour \u00eatre propre, donc elle doit \u00eatre test\u00e9e comme telle.<br \/>\nC&rsquo;est une vision tr\u00e8s technocratique qui fait fi des r\u00e9alit\u00e9s<br \/>\nd&rsquo;usure et des tol\u00e9rances de l&rsquo;\u00e9poque. On assiste donc \u00e0 un<br \/>\ndialogue de sourds entre ceux qui d\u00e9fendent la faisabilit\u00e9<br \/>\nth\u00e9orique et ceux qui s&rsquo;inqui\u00e8tent des cons\u00e9quences pratiques pour<br \/>\nle conducteur, qui risque de voir sa voiture recal\u00e9e pour une norme<br \/>\nqu&rsquo;elle n&rsquo;a jamais \u00e9t\u00e9 cens\u00e9e respecter \u00e0 sa sortie d&rsquo;usine.<\/p>\n","protected":false},"excerpt":{"rendered":"L\u2019Union europ\u00e9enne, dans sa volont\u00e9 de verdir le parc automobile, a r\u00e9cemment fait trembler des millions de propri\u00e9taires&hellip;\n","protected":false},"author":2,"featured_media":645252,"comment_status":"","ping_status":"","sticky":false,"template":"","format":"standard","meta":{"footnotes":""},"categories":[1586],"tags":[11,1777,674,1779,1011,27,1638,12,25,1778,364],"class_list":{"0":"post-645251","1":"post","2":"type-post","3":"status-publish","4":"format-standard","5":"has-post-thumbnail","7":"category-europe","8":"tag-actualites","9":"tag-eu","10":"tag-europe","11":"tag-european-union","12":"tag-fr","13":"tag-france","14":"tag-has_diapo","15":"tag-news","16":"tag-republique-francaise","17":"tag-ue","18":"tag-union-europeenne"},"share_on_mastodon":{"url":"","error":""},"_links":{"self":[{"href":"https:\/\/www.europesays.com\/fr\/wp-json\/wp\/v2\/posts\/645251","targetHints":{"allow":["GET"]}}],"collection":[{"href":"https:\/\/www.europesays.com\/fr\/wp-json\/wp\/v2\/posts"}],"about":[{"href":"https:\/\/www.europesays.com\/fr\/wp-json\/wp\/v2\/types\/post"}],"author":[{"embeddable":true,"href":"https:\/\/www.europesays.com\/fr\/wp-json\/wp\/v2\/users\/2"}],"replies":[{"embeddable":true,"href":"https:\/\/www.europesays.com\/fr\/wp-json\/wp\/v2\/comments?post=645251"}],"version-history":[{"count":0,"href":"https:\/\/www.europesays.com\/fr\/wp-json\/wp\/v2\/posts\/645251\/revisions"}],"wp:featuredmedia":[{"embeddable":true,"href":"https:\/\/www.europesays.com\/fr\/wp-json\/wp\/v2\/media\/645252"}],"wp:attachment":[{"href":"https:\/\/www.europesays.com\/fr\/wp-json\/wp\/v2\/media?parent=645251"}],"wp:term":[{"taxonomy":"category","embeddable":true,"href":"https:\/\/www.europesays.com\/fr\/wp-json\/wp\/v2\/categories?post=645251"},{"taxonomy":"post_tag","embeddable":true,"href":"https:\/\/www.europesays.com\/fr\/wp-json\/wp\/v2\/tags?post=645251"}],"curies":[{"name":"wp","href":"https:\/\/api.w.org\/{rel}","templated":true}]}}