{"id":64526,"date":"2025-04-30T13:56:18","date_gmt":"2025-04-30T13:56:18","guid":{"rendered":"https:\/\/www.europesays.com\/fr\/64526\/"},"modified":"2025-04-30T13:56:18","modified_gmt":"2025-04-30T13:56:18","slug":"tournage-dun-nouveau-film-a-bordeaux-des-figurants-bientot-recherches","status":"publish","type":"post","link":"https:\/\/www.europesays.com\/fr\/64526\/","title":{"rendered":"Tournage d&rsquo;un nouveau film \u00e0 Bordeaux : des figurants bient\u00f4t recherch\u00e9s"},"content":{"rendered":"<p><img decoding=\"async\" class=\"\" style=\"width:100%;max-width:100%\" src=\"https:\/\/www.europesays.com\/fr\/wp-content\/uploads\/2025\/04\/video_2562034_12801745936768528-format16by9.jpg\" alt=\"cinema\"\/><\/p>\n<p>Des figurants seront bient\u00f4t recherch\u00e9s pour le tournage d&rsquo;un nouveau film \u00e0 Bordeaux. <\/p>\n<p>Cr\u00e9dit : CC0 photo d&rsquo;illustration <\/p>\n<p>\u00a0<\/p>\n<p>Un nouveau film d&rsquo;\u00e9poque sera bient\u00f4t tourn\u00e9 \u00e0 Bordeaux. Apr\u00e8s <a href=\"https:\/\/www.witfm.fr\/bordeaux-decouvrez-les-coulisses-du-tournage-de-chopin-chopin\" rel=\"noopener nofollow\" target=\"_blank\">Chopin Chopin !<\/a> en fin d&rsquo;ann\u00e9e derni\u00e8re, la capitale girondine accueillera cet \u00e9t\u00e9 le tournage du long m\u00e9trage Les Mis\u00e9rables, inspir\u00e9 de l&rsquo;oeuvre de Victor Hugo. Le personnage principal sera incarn\u00e9 par Vincent Lindon. \u00a0<\/p>\n<p>Le tournage aura lieu du 17 juillet au 21 ao\u00fbt dans les rues de Bordeaux et \u00e9galement \u00e0 Saint-Macaire, pr\u00e8s de Langon. Des figurants sont donc recherch\u00e9s dans ces secteurs.\u00a0<\/p>\n<p>Si le casting pour les figurants enfants est d\u00e9j\u00e0 ouvert, des figurants adultes et doublures devraient \u00e9galement tr\u00e8s prochainement \u00eatre recrut\u00e9s selon nos confr\u00e8res de <a href=\"https:\/\/www.sudouest.fr\/culture\/cinema\/gironde-un-film-en-costumes-inspire-des-miserables-sera-tourne-cet-ete-24224742.php\" rel=\"noopener nofollow\" target=\"_blank\">Sud Ouest.<\/a>\u00a0<\/p>\n<p>\u00a0<\/p>\n<p><strong>17 enfants figurants recherch\u00e9s\u00a0<\/strong><\/p>\n<p>L&rsquo;\u00e9quipe de production du long m\u00e9trage est \u00e0 la recherche de 17 enfants figurants \u00e2g\u00e9s de 6 \u00e0 12 ans pour jouer des enfants des rues. Tous les profils et toutes les origines, avec ou sans exp\u00e9rience sont recherch\u00e9s. Mais les enfants doivent obligatoirement r\u00e9sider \u00e0 Bordeaux ou Saint-Macaire. La date limite des candidatures est fix\u00e9e au 23 mai prochain. Elles sont \u00e0 d\u00e9poser <a href=\"https:\/\/www.thewillcasting.com\/2025\/04\/24\/casting-figuration-enfants-long-metrage-depoque-costume-urgent-date-limite-candidature-23-mai-2025figuration\/\" rel=\"noopener nofollow\" target=\"_blank\">ici<\/a>.\u00a0Des photos et les disponibilit\u00e9s des enfants sont notamment demand\u00e9es.\u00a0<\/p>\n<p>\u00a0<\/p>\n<p>Des professionnels pour des petits r\u00f4les\u00a0<\/p>\n<p>Des acteurs et actrices professionnels sont \u00e9galement recherch\u00e9s pour des petits r\u00f4les. 11 professionnels sont recherch\u00e9s, des hommes et des femmes \u00e2g\u00e9s de 20 \u00e0 65 ans. Tous les profils et toutes les origines sont recherch\u00e9s.\u00a0<\/p>\n<p>Les candidatures peuvent \u00eatre d\u00e9pos\u00e9e<a href=\"https:\/\/www.thewillcasting.com\/2025\/04\/24\/casting-adultes-petits-roles-long-metrage-depoque-costume-urgent-date-limite-candidature-31-mai-2025\/\" rel=\"noopener nofollow\" target=\"_blank\"> ici<\/a> jusqu&rsquo;au 31 mai.\u00a0<\/p>\n<p>\u00a0<\/p>\n","protected":false},"excerpt":{"rendered":"Des figurants seront bient\u00f4t recherch\u00e9s pour le tournage d&rsquo;un nouveau film \u00e0 Bordeaux. Cr\u00e9dit : CC0 photo d&rsquo;illustration&hellip;\n","protected":false},"author":2,"featured_media":64527,"comment_status":"","ping_status":"","sticky":false,"template":"","format":"standard","meta":{"footnotes":""},"categories":[2817],"tags":[1111,11,1997,11668,16368,1777,674,16367,1011,27,16370,2456,12,2219,8131,4233,25,16371,6265,16369,16366],"class_list":{"0":"post-64526","1":"post","2":"type-post","3":"status-publish","4":"format-standard","5":"has-post-thumbnail","7":"category-bordeaux","8":"tag-actu","9":"tag-actualites","10":"tag-bordeaux","11":"tag-casting","12":"tag-epoque","13":"tag-eu","14":"tag-europe","15":"tag-figurant","16":"tag-fr","17":"tag-france","18":"tag-les-miserables","19":"tag-long-metrage","20":"tag-news","21":"tag-nouvelle-aquitaine","22":"tag-production","23":"tag-realisateur","24":"tag-republique-francaise","25":"tag-saint-macaire","26":"tag-tournage","27":"tag-victor-hugo","28":"tag-vincent-lindon"},"share_on_mastodon":{"url":"https:\/\/pubeurope.com\/@fr\/114427264088065672","error":""},"_links":{"self":[{"href":"https:\/\/www.europesays.com\/fr\/wp-json\/wp\/v2\/posts\/64526","targetHints":{"allow":["GET"]}}],"collection":[{"href":"https:\/\/www.europesays.com\/fr\/wp-json\/wp\/v2\/posts"}],"about":[{"href":"https:\/\/www.europesays.com\/fr\/wp-json\/wp\/v2\/types\/post"}],"author":[{"embeddable":true,"href":"https:\/\/www.europesays.com\/fr\/wp-json\/wp\/v2\/users\/2"}],"replies":[{"embeddable":true,"href":"https:\/\/www.europesays.com\/fr\/wp-json\/wp\/v2\/comments?post=64526"}],"version-history":[{"count":0,"href":"https:\/\/www.europesays.com\/fr\/wp-json\/wp\/v2\/posts\/64526\/revisions"}],"wp:featuredmedia":[{"embeddable":true,"href":"https:\/\/www.europesays.com\/fr\/wp-json\/wp\/v2\/media\/64527"}],"wp:attachment":[{"href":"https:\/\/www.europesays.com\/fr\/wp-json\/wp\/v2\/media?parent=64526"}],"wp:term":[{"taxonomy":"category","embeddable":true,"href":"https:\/\/www.europesays.com\/fr\/wp-json\/wp\/v2\/categories?post=64526"},{"taxonomy":"post_tag","embeddable":true,"href":"https:\/\/www.europesays.com\/fr\/wp-json\/wp\/v2\/tags?post=64526"}],"curies":[{"name":"wp","href":"https:\/\/api.w.org\/{rel}","templated":true}]}}