{"id":645263,"date":"2026-01-06T17:51:11","date_gmt":"2026-01-06T17:51:11","guid":{"rendered":"https:\/\/www.europesays.com\/fr\/645263\/"},"modified":"2026-01-06T17:51:11","modified_gmt":"2026-01-06T17:51:11","slug":"mbh-bank-csb-telecom-fort-leffectif-2026-actualite","status":"publish","type":"post","link":"https:\/\/www.europesays.com\/fr\/645263\/","title":{"rendered":"MBH Bank CSB Telecom Fort : L&rsquo;effectif 2026 &#8211; Actualit\u00e9"},"content":{"rendered":"<p style=\"text-align: justify;\">MBH Bank CSB Telecom Fort &#8211; la formation longtemps nomm\u00e9e Colpack &#8211; \u00e9voluera en deuxi\u00e8me division mondiale la saison prochaine. La structure devenue hongroise, qui a toujours une forte identit\u00e9 italienne, comptera sur un effectif de 21\u00a0 \u00e9l\u00e9ments pour ses d\u00e9buts en tant que ProTeam. Alors qu&rsquo;il avait dans un premier temps assur\u00e9 vouloir prolonger l&rsquo;aventure, le Tch\u00e8que <strong><a href=\"https:\/\/www.directvelo.com\/coureur\/44055\/pavel-novak\" target=\"_blank\" rel=\"noopener\">Pavel Novak<\/a><\/strong>, leader de l&rsquo;\u00e9quipe, a finalement d\u00e9cid\u00e9 de rejoindre Movistar \u00e0 l&rsquo;intersaison.\u00a0<strong><br \/><\/strong><\/p>\n<p style=\"text-align: justify;\">L\u2019effectif 2026 de MBH Bank CSB Ballan :<br \/>Matteo Ambrosini, 24 ans<br \/>Christian Bagatin, 23 ans\u00a0<br \/>Diego Bracalente, 21 ans<br \/>Marcin Budzinski, 27 ans (ATT Investments)\u00a0<br \/>Nicolo Buratti, 24 ans (Bahrain Victorious)\u00a0<br \/>Cesare Chesini, 21 ans<br \/>Edoardo Cipollini, 20 ans<br \/>Luca Cretti, 24 ans <br \/>Marton Dina, 29 ans (Euskaltel-Euskadi)<br \/>Alessandro Fancellu, 25 ans (JCL Team Ukyo)<br \/>Filip Gruszczynski, 20 ans (Biesse-Carrera-Premac)\u00a0<br \/>Balint Makrai, 19 ans <br \/>Lorenzo Masciarelli, 22 ans <br \/>Fausto Masnada, 32 ans (XDS Astana)<br \/>Lorenzo Nespoli, 21 ans <br \/>Barnabas Peak, 27 ans (ATT Investments)<br \/>Davide Persico, 24 ans (Wagner Bazin WB)<br \/>Zsombor Takacs, 19 ans<br \/>Mark Valent, 21 ans<br \/>Alessandro Verre, 24 ans (Ark\u00e9a-B&amp;B H\u00f4tels)\u00a0<br \/>Samuele Zoccarato, 27 ans (Polti-VisitMalta)<\/p>\n<p>Les d\u00e9parts : Christian Bagatin (?), Zsombor Balogh (?), Gabriele Casalini (arr\u00eat), Fabio Felline (arr\u00eat), Matteo Fiorin (?), Pavel Novak (Movistar), Manuel Oioli (?), Samuel Quaranta (?), Enrico Simoni (Campana Imballagi-Morbiato-Trentino), Barnabas Vas (United Shipping) et Leonardo Vesco (Biesse-Carrera-Premac).\u00a0\u00a0<\/p>\n","protected":false},"excerpt":{"rendered":"MBH Bank CSB Telecom Fort &#8211; la formation longtemps nomm\u00e9e Colpack &#8211; \u00e9voluera en deuxi\u00e8me division mondiale la&hellip;\n","protected":false},"author":2,"featured_media":645264,"comment_status":"","ping_status":"","sticky":false,"template":"","format":"standard","meta":{"footnotes":""},"categories":[1411],"tags":[834,828,836,829,837,827,83,826,824,823,1154,207,814,817,815,816,822,821,832,211,839,1011,27,820,818,819,835,831,830,833,838,60,212,208,825],"class_list":{"0":"post-645263","1":"post","2":"type-post","3":"status-publish","4":"format-standard","5":"has-post-thumbnail","7":"category-cyclisme","8":"tag-attaque","9":"tag-belgique","10":"tag-braquet","11":"tag-bretagne","12":"tag-chute","13":"tag-competition","14":"tag-coupe-de-france","15":"tag-coureur","16":"tag-course-cyclisme","17":"tag-course-cycliste","18":"tag-cycling","19":"tag-cyclisme","20":"tag-direct","21":"tag-direct-velo","22":"tag-directvelo","23":"tag-directvelo-com","24":"tag-epreuve","25":"tag-epreuve-cycliste","26":"tag-federation-francaise-de-cyclisme","27":"tag-ffc","28":"tag-flandres","29":"tag-fr","30":"tag-france","31":"tag-live","32":"tag-live-course","33":"tag-live-epreuve","34":"tag-peloton","35":"tag-radio-peloton","36":"tag-radio-tour","37":"tag-ravitaillement","38":"tag-relance","39":"tag-sports","40":"tag-uci","41":"tag-velo","42":"tag-velos"},"share_on_mastodon":{"url":"https:\/\/pubeurope.com\/@fr\/115849427929280413","error":""},"_links":{"self":[{"href":"https:\/\/www.europesays.com\/fr\/wp-json\/wp\/v2\/posts\/645263","targetHints":{"allow":["GET"]}}],"collection":[{"href":"https:\/\/www.europesays.com\/fr\/wp-json\/wp\/v2\/posts"}],"about":[{"href":"https:\/\/www.europesays.com\/fr\/wp-json\/wp\/v2\/types\/post"}],"author":[{"embeddable":true,"href":"https:\/\/www.europesays.com\/fr\/wp-json\/wp\/v2\/users\/2"}],"replies":[{"embeddable":true,"href":"https:\/\/www.europesays.com\/fr\/wp-json\/wp\/v2\/comments?post=645263"}],"version-history":[{"count":0,"href":"https:\/\/www.europesays.com\/fr\/wp-json\/wp\/v2\/posts\/645263\/revisions"}],"wp:featuredmedia":[{"embeddable":true,"href":"https:\/\/www.europesays.com\/fr\/wp-json\/wp\/v2\/media\/645264"}],"wp:attachment":[{"href":"https:\/\/www.europesays.com\/fr\/wp-json\/wp\/v2\/media?parent=645263"}],"wp:term":[{"taxonomy":"category","embeddable":true,"href":"https:\/\/www.europesays.com\/fr\/wp-json\/wp\/v2\/categories?post=645263"},{"taxonomy":"post_tag","embeddable":true,"href":"https:\/\/www.europesays.com\/fr\/wp-json\/wp\/v2\/tags?post=645263"}],"curies":[{"name":"wp","href":"https:\/\/api.w.org\/{rel}","templated":true}]}}