{"id":645275,"date":"2026-01-06T17:58:11","date_gmt":"2026-01-06T17:58:11","guid":{"rendered":"https:\/\/www.europesays.com\/fr\/645275\/"},"modified":"2026-01-06T17:58:11","modified_gmt":"2026-01-06T17:58:11","slug":"sorties-cinema-du-7-janvier-father-mother-sister-brother-ma-frere-les-films-a-voir-ou-pas-le-parisien","status":"publish","type":"post","link":"https:\/\/www.europesays.com\/fr\/645275\/","title":{"rendered":"Sorties cin\u00e9ma du 7 janvier : \u00ab Father Mother Sister Brother \u00bb, \u00ab Ma Fr\u00e8re \u00bb\u2026 Les films \u00e0 voir (ou pas) &#8211; Le Parisien"},"content":{"rendered":"<ol>\n<li><a href=\"https:\/\/news.google.com\/rss\/articles\/CBMijAJBVV95cUxPenp5WU5JQk1vVVoydFgwNEh2azlJeW5QZ2tDVko3dGxJbHF0aGxxN2Y2TlAtWkJkNHhuMFFnNXFHdTROcVZIQ0JEM3M3YmdOSnZCZzdhMGx5QTlKN214UEkwZWJ2S1BybG9sVHNBVW8zNm9LQlg5XzZwZjQxVzJYSFlLeTdkLVd0RGEzNXBZZDZrRnNFRFUtWTNTVHhfWVlvWTVEYUNpLVhOcWJwcXNXazJXbUVIdjQxbDM0dzFfTXRGa29QMzFPZHl4ZVVjaDRqS01MUWFNU0ctV0FSZkpJa1Yyc09HeF9EdWtBWkU3UGZwaE53a2t3QTJPRVBpZnJIaUs1aS1aQVctcVdS?oc=5\" target=\"_blank\" rel=\"noopener\">Sorties cin\u00e9ma du 7 janvier : \u00ab Father Mother Sister Brother \u00bb, \u00ab Ma Fr\u00e8re \u00bb\u2026 Les films \u00e0 voir (ou pas)<\/a>&nbsp;&nbsp;Le Parisien<\/li>\n<li><a href=\"https:\/\/news.google.com\/rss\/articles\/CBMi_wFBVV95cUxQeF9yc0FYamdVYUEzNmNtaFBGaTIybkg2aXhMbEhKdEJqTmJZemtQR3k1ZEFfR1BnZlI1Wlc4cUlBZlNobVVzbl9ZdUJneWVVb3o5S3U0UHJqZzctdUdsQng3Z3VnakRVYkJwTU1CQmxjU2FuS3NGc1RDNzJvS0t6cURIS01TbGp5S3dTdVVWNTFOdUpwdlE3SFQ4US1sVmRrM0FDZGx3YVNyVUNaTTlkdzJGS2N4S0JibGJfZkpsZFBIUkRVS1JDeW4wXzdTRUg2RTlRc3NvSTVBaUhZbVUzNDlTZFBPWE95WHNGZWFoRU9TNjBkQ0NQNzlZNFAzXzA?oc=5\" target=\"_blank\" rel=\"noopener\">Jim Jarmusch, r\u00e9alisateur de \u00ab Father Mother Sister Brother \u00bb : \u00ab Les traumas se transmettent entre g\u00e9n\u00e9rations \u00bb<\/a>&nbsp;&nbsp;Le Monde.fr<\/li>\n<li><a href=\"https:\/\/news.google.com\/rss\/articles\/CBMi7gFBVV95cUxOanVMNjkteVkyMzhfMjJONTNYX2lyWXhLSnU2RjRWLWtDUElyUzBzUGVhZVpVQjFSOGtEMnlGNWRiRm92eGVRY3ZCanppSHY5WlFFbWYzM0ZuTnZBWjBWb19FLU1sX0RXamFmOElNcnktLXhmTUNlUGJzRms1MGs2OE1zemI1b29YRGxTTmZZSkRnakNkX1hXWno1bTA2X0dnMENUcTQ2RXFKMlA5SkczQXp6MjVYYmpyQ0JBVmhibFJlMll2Zk5PZjV1N3NZd2NPTlk5WUlPME1STmxJR1hpU3NsLTNQMFVDY09LM2FB?oc=5\" target=\"_blank\" rel=\"noopener\">\u00ab Father Mother Sister Brother \u00bb, \u00ab Ma fr\u00e8re \u00bb, \u00ab Les \u00c9chos du pass\u00e9 \u00bb\u2026 Les films \u00e0 voir (ou \u00e0 \u00e9viter) cette semaine<\/a>&nbsp;&nbsp;Le Point<\/li>\n<li><a href=\"https:\/\/news.google.com\/rss\/articles\/CBMipgFBVV95cUxOTHJCQjZfOHdnR2VqNzdVQjctVmIxSEEyVTRtdXE4VkxaWldGRVR3azdNSzkxNmt6REZGUVVXTG9WcjhnWlg0clJiT2ppNTJfdUFFbWl5VmFLSlctQzEzMEhoUmJzaUJ2cEU1UldJOU9YSEwybG90aWVsWE85S1BhaE1NV2szOVlLMzA4d0J5QldMODVVS1hBcHBOQVU3a0c2Yi1HbTNn?oc=5\" target=\"_blank\" rel=\"noopener\">Au cin\u00e9ma le 7 janvier : \u00ab\u00a0Ma fr\u00e8re\u00a0\u00bb et \u00ab\u00a0Les \u00e9chos du pass\u00e9\u00a0\u00bb<\/a>&nbsp;&nbsp;Radio 107.7<\/li>\n<li><a href=\"https:\/\/news.google.com\/rss\/articles\/CBMizgFBVV95cUxOdmZpVzVHNC1hc3pCUXR5d1RSNXUwbUxXWGJKZDE2bTNDQ2tjZ0ZKT0Nka3YzeWY4NXUzTVc0bmk2TzdGUTdTdVVtejNEcWFUcUgtcjF0aHZMMXFZRmp5NjduV1BfbEwtNFV0R1JZV3RsUlpaam9nV0t2cnI4N1lNc3JybHZhaUxlR1ZGRGY4R2M1MzhOMzEzMTAxaUd4N1lyT1FZOHpGWFpCNXRHY1MxNXVqVndLbmxQaTg5TENiTl8wd2g0ZlBwcF84NW9Xdw?oc=5\" target=\"_blank\" rel=\"noopener\">Jim Jarmusch, r\u00e9alisateur de \u00abFather Mother Sister Brother\u00bb : \u00abJe n\u2019ai jamais su jouer le jeu de Hollywood\u00bb<\/a>&nbsp;&nbsp;Lib\u00e9ration<\/li>\n<\/ol>\n","protected":false},"excerpt":{"rendered":"Sorties cin\u00e9ma du 7 janvier : \u00ab Father Mother Sister Brother \u00bb, \u00ab Ma Fr\u00e8re \u00bb\u2026 Les films&hellip;\n","protected":false},"author":2,"featured_media":645276,"comment_status":"","ping_status":"","sticky":false,"template":"","format":"standard","meta":{"footnotes":""},"categories":[1354],"tags":[650,872,58,59,1346,1011,27,1360],"class_list":{"0":"post-645275","1":"post","2":"type-post","3":"status-publish","4":"format-standard","5":"has-post-thumbnail","7":"category-films","8":"tag-cinema","9":"tag-culture-et-loisirs","10":"tag-divertissement","11":"tag-entertainment","12":"tag-films","13":"tag-fr","14":"tag-france","15":"tag-movies"},"share_on_mastodon":{"url":"https:\/\/pubeurope.com\/@fr\/115849455552723469","error":""},"_links":{"self":[{"href":"https:\/\/www.europesays.com\/fr\/wp-json\/wp\/v2\/posts\/645275","targetHints":{"allow":["GET"]}}],"collection":[{"href":"https:\/\/www.europesays.com\/fr\/wp-json\/wp\/v2\/posts"}],"about":[{"href":"https:\/\/www.europesays.com\/fr\/wp-json\/wp\/v2\/types\/post"}],"author":[{"embeddable":true,"href":"https:\/\/www.europesays.com\/fr\/wp-json\/wp\/v2\/users\/2"}],"replies":[{"embeddable":true,"href":"https:\/\/www.europesays.com\/fr\/wp-json\/wp\/v2\/comments?post=645275"}],"version-history":[{"count":0,"href":"https:\/\/www.europesays.com\/fr\/wp-json\/wp\/v2\/posts\/645275\/revisions"}],"wp:featuredmedia":[{"embeddable":true,"href":"https:\/\/www.europesays.com\/fr\/wp-json\/wp\/v2\/media\/645276"}],"wp:attachment":[{"href":"https:\/\/www.europesays.com\/fr\/wp-json\/wp\/v2\/media?parent=645275"}],"wp:term":[{"taxonomy":"category","embeddable":true,"href":"https:\/\/www.europesays.com\/fr\/wp-json\/wp\/v2\/categories?post=645275"},{"taxonomy":"post_tag","embeddable":true,"href":"https:\/\/www.europesays.com\/fr\/wp-json\/wp\/v2\/tags?post=645275"}],"curies":[{"name":"wp","href":"https:\/\/api.w.org\/{rel}","templated":true}]}}