{"id":645287,"date":"2026-01-06T18:04:10","date_gmt":"2026-01-06T18:04:10","guid":{"rendered":"https:\/\/www.europesays.com\/fr\/645287\/"},"modified":"2026-01-06T18:04:10","modified_gmt":"2026-01-06T18:04:10","slug":"delcy-rodriguez-commence-son-mandat-de-presidente-par-interim-une-liste-de-55-militaires-tues-lors-de-loperation-americaine-publiee","status":"publish","type":"post","link":"https:\/\/www.europesays.com\/fr\/645287\/","title":{"rendered":"Delcy Rodriguez commence son mandat de pr\u00e9sidente par int\u00e9rim\u00a0; une liste de 55\u00a0militaires tu\u00e9s lors de l\u2019op\u00e9ration am\u00e9ricaine publi\u00e9e"},"content":{"rendered":"<br \/>\n<blockquote class=\"post__live-container--comment-blockquote\"><p>Comment a r\u00e9agit Maria Corina Machado apr\u00e8s l&rsquo;enlevement de Machado ?<\/p><\/blockquote>\n<p>    Sasha                                   <\/p>\n<p class=\"post__live-container--answer-text post__space-node\">\u00ab\u00a0Je pr\u00e9vois de retourner au Venezuela le plus t\u00f4t possible\u00a0\u00bb, <a href=\"https:\/\/www.lemonde.fr\/international\/live\/2026\/01\/06\/en-direct-venezuela-delcy-rodriguez-commence-son-mandat-de-presidente-par-interim-une-liste-de-55-militaires-tues-lors-de-la-capture-de-nicolas-maduro-publiee_6660411_3210.html?#id-2750760\" target=\"_blank\" rel=\"noopener\">a d\u00e9clar\u00e9, mardi, la Prix Nobel de la paix 2025<\/a> dans un entretien avec la cha\u00eene am\u00e9ricaine Fox News, apr\u00e8s l\u2019enl\u00e8vement du pr\u00e9sident v\u00e9n\u00e9zu\u00e9lien, Nicolas Maduro, par les Etats-Unis.<\/p>\n<p class=\"post__live-container--answer-text post__space-node\">Mme\u00a0Machado a vivement critiqu\u00e9 Delcy Rodriguez, investie lundi pr\u00e9sidente par int\u00e9rim du Venezuela, estimant qu\u2019elle \u00e9tait \u00ab\u00a0l\u2019une des principales architectes de la torture\u00a0\u00bb imput\u00e9e au gouvernement v\u00e9n\u00e9zu\u00e9lien. Mme\u00a0Rodriguez a dit sa volont\u00e9 de coop\u00e9rer avec Washington, mais Mme\u00a0Machado estime que celle qui \u00e9tait la vice-pr\u00e9sidente de M.\u00a0Maduro est \u00ab\u00a0rejet\u00e9e\u00a0\u00bb par les V\u00e9n\u00e9zu\u00e9liens.<\/p>\n<p class=\"post__live-container--answer-text post__space-node\">\u00ab\u00a0Lors d\u2019\u00e9lections libres et \u00e9quitables, nous gagnerons avec plus de 90\u00a0% des voix, je n\u2019ai aucun doute l\u00e0-dessus\u00a0\u00bb, a clam\u00e9 l\u2019opposante. \u00ab\u00a0Nous allons faire du Venezuela le centre \u00e9nerg\u00e9tique des Am\u00e9riques, nous allons apporter l\u2019Etat de droit, nous allons ouvrir les march\u00e9s, nous allons avoir besoin de s\u00e9curit\u00e9 pour les investissements \u00e9trangers\u00a0\u00bb, a-t-elle ajout\u00e9, sans dire o\u00f9 elle se trouve actuellement.<\/p>\n<p class=\"post__live-container--answer-text post__space-node\">Donald Trump a, d\u00e8s samedi, disqualifi\u00e9 Maria Corina Machado pour prendre la t\u00eate du pays \u00e0 la place de Nicolas Maduro, estimant qu\u2019elle \u00ab\u00a0ne [b\u00e9n\u00e9ficiait] ni du soutien ni du respect au sein de son pays\u00a0\u00bb. Mme\u00a0Machado avait \u00e9t\u00e9 d\u00e9clar\u00e9e in\u00e9ligible par le pouvoir v\u00e9n\u00e9zu\u00e9lien pour l\u2019\u00e9lection pr\u00e9sidentielle de juillet\u00a02024. Elle avait \u00e9t\u00e9 remplac\u00e9e au pied lev\u00e9 par Edmundo Gonzalez Urrutia comment candidat.<\/p>\n<p class=\"post__live-container--answer-text post__space-node\">Nicolas Maduro avait \u00e9t\u00e9 proclam\u00e9 vainqueur par le Conseil national \u00e9lectoral, qui n\u2019a jamais communiqu\u00e9 les r\u00e9sultats d\u00e9taill\u00e9s du scrutin, arguant d\u2019une attaque informatique.<\/p>\n","protected":false},"excerpt":{"rendered":"Comment a r\u00e9agit Maria Corina Machado apr\u00e8s l&rsquo;enlevement de Machado ? Sasha \u00ab\u00a0Je pr\u00e9vois de retourner au Venezuela&hellip;\n","protected":false},"author":2,"featured_media":645288,"comment_status":"","ping_status":"","sticky":false,"template":"","format":"standard","meta":{"footnotes":""},"categories":[5],"tags":[11,1011,27,14,12,28],"class_list":{"0":"post-645287","1":"post","2":"type-post","3":"status-publish","4":"format-standard","5":"has-post-thumbnail","7":"category-international","8":"tag-actualites","9":"tag-fr","10":"tag-france","11":"tag-international","12":"tag-news","13":"tag-world"},"share_on_mastodon":{"url":"https:\/\/pubeurope.com\/@fr\/115849479064915923","error":""},"_links":{"self":[{"href":"https:\/\/www.europesays.com\/fr\/wp-json\/wp\/v2\/posts\/645287","targetHints":{"allow":["GET"]}}],"collection":[{"href":"https:\/\/www.europesays.com\/fr\/wp-json\/wp\/v2\/posts"}],"about":[{"href":"https:\/\/www.europesays.com\/fr\/wp-json\/wp\/v2\/types\/post"}],"author":[{"embeddable":true,"href":"https:\/\/www.europesays.com\/fr\/wp-json\/wp\/v2\/users\/2"}],"replies":[{"embeddable":true,"href":"https:\/\/www.europesays.com\/fr\/wp-json\/wp\/v2\/comments?post=645287"}],"version-history":[{"count":0,"href":"https:\/\/www.europesays.com\/fr\/wp-json\/wp\/v2\/posts\/645287\/revisions"}],"wp:featuredmedia":[{"embeddable":true,"href":"https:\/\/www.europesays.com\/fr\/wp-json\/wp\/v2\/media\/645288"}],"wp:attachment":[{"href":"https:\/\/www.europesays.com\/fr\/wp-json\/wp\/v2\/media?parent=645287"}],"wp:term":[{"taxonomy":"category","embeddable":true,"href":"https:\/\/www.europesays.com\/fr\/wp-json\/wp\/v2\/categories?post=645287"},{"taxonomy":"post_tag","embeddable":true,"href":"https:\/\/www.europesays.com\/fr\/wp-json\/wp\/v2\/tags?post=645287"}],"curies":[{"name":"wp","href":"https:\/\/api.w.org\/{rel}","templated":true}]}}