{"id":645297,"date":"2026-01-06T18:09:17","date_gmt":"2026-01-06T18:09:17","guid":{"rendered":"https:\/\/www.europesays.com\/fr\/645297\/"},"modified":"2026-01-06T18:09:17","modified_gmt":"2026-01-06T18:09:17","slug":"projection-debat-la-place-de-lhomme-factuel","status":"publish","type":"post","link":"https:\/\/www.europesays.com\/fr\/645297\/","title":{"rendered":"Projection d\u00e9bat : La Place de l&rsquo;Homme &#8211; Factuel"},"content":{"rendered":"<p>Temps de lecture : 2 minutes<\/p>\n<p>Informations pratiques<\/p>\n<p><strong>Localisation : <\/strong>Institut Europ\u00e9en de Cin\u00e9ma et d&rsquo;Audiovisuel (IECA), 10 Rue Michel Ney, 54000 Nancy<\/p>\n<p> <strong>Date de d\u00e9but :<\/strong> 22\/01\/2026 18:15 <strong>Date de fin : <\/strong> 22\/01\/2026 20:45<\/p>\n<p><strong>Le club ORION Sexteens organise le 22 janvier \u00e0 l\u2019IECA une projection d\u00e9bat sur la place de l\u2019homme dans le parcours d\u2019IVG.<\/strong><\/p>\n<p>Des hommes de 20 \u00e0 40 ans, confront\u00e9s \u00e0 une grossesse non pr\u00e9vue et le plus souvent interrompue, d\u00e9voilent leurs ressentis et r\u00e9flexions sur cet \u00e9v\u00e9nement. \u00c0 travers ces r\u00e9cits de vie, c\u2019est la place de l\u2019homme dans les rapports femmes\/hommes que le film questionne. Diffusion du film de Coline Grando, sorti en 2017 en fran\u00e7ais.<\/p>\n<p><strong>Rendez-vous jeudi 22 janvier 2026 \u00e0 18h00 \u00e0 l\u2019Institut Europ\u00e9en du Cin\u00e9ma et de l\u2019Audiovisuel \u00e0 Nancy | Soir\u00e9e gratuite mais inscription obligatoire<\/strong><\/p>\n<p>La projection sera suivie d\u2019un d\u00e9bat avec <strong>Julie Brusq<\/strong>, ma\u00eetresse de conf\u00e9rences en sciences de l\u2019information et de la communication au Centre de recherche sur les m\u00e9diations (Crem), <strong>Lisa Robinet<\/strong>, sage-femme orthog\u00e9niste et assistante conseill\u00e8re IVG \u00e0 Orl\u00e9ans, et <strong>Alan Charissou<\/strong>, m\u00e9decin directeur du Service de Sant\u00e9 \u00c9tudiante (SSE).<\/p>\n<p>Informations pratiques :<\/p>\n<p>&gt; Date : Jeudi 22 janvier 2026<\/p>\n<p>&gt; Lieu : Institut Europ\u00e9en du Cin\u00e9ma et de l\u2019Audiovisuel<\/p>\n<p>&gt; Horaire : d\u00e9but de la soir\u00e9e \u00e0 18h15, accueil \u00e0 partir de 18h<\/p>\n<p>&gt; Dur\u00e9e de l\u2019\u00e9v\u00e8nement : 2h30<\/p>\n<p>&gt; Entr\u00e9e : gratuite, sur inscription (nombre de places limit\u00e9, inscription obligatoire)<\/p>\n<p>Les organisateurs et partenaires :<\/p>\n<p>Cette projection d\u00e9bat est organis\u00e9e par le club ORION Sexteens de l\u2019Universit\u00e9 de Lorraine avec le soutien de l\u2019Agence Nationale de la Recherche dans le cadre du programme ORION.<\/p>\n<p>Qui sommes-nous ?<\/p>\n<p>Cr\u00e9\u00e9 en 2024 et situ\u00e9 sur Metz et Nancy, le club ORION Sexteens propose une approche de la sant\u00e9 sexuelle par les prismes de la sant\u00e9 publique et des sciences de l\u2019information et de la communication. Pour suivre toutes nos actualit\u00e9s, retrouvez-nous sur <a title=\"Instagram\" href=\"https:\/\/www.instagram.com\/orion_sexteens\/?igsh=MTV2bGZzNDUydWdyaA%3D%3D#\" target=\"_blank\" rel=\"noopener\">Instagram<\/a>.<\/p>\n<p><script async src=\"\/\/www.instagram.com\/embed.js\"><\/script><\/p>\n","protected":false},"excerpt":{"rendered":"Temps de lecture : 2 minutes Informations pratiques Localisation : Institut Europ\u00e9en de Cin\u00e9ma et d&rsquo;Audiovisuel (IECA), 10&hellip;\n","protected":false},"author":2,"featured_media":645298,"comment_status":"","ping_status":"","sticky":false,"template":"","format":"standard","meta":{"footnotes":""},"categories":[9635],"tags":[1111,11,1777,674,1011,27,775,1702,12,25],"class_list":{"0":"post-645297","1":"post","2":"type-post","3":"status-publish","4":"format-standard","5":"has-post-thumbnail","7":"category-nancy","8":"tag-actu","9":"tag-actualites","10":"tag-eu","11":"tag-europe","12":"tag-fr","13":"tag-france","14":"tag-grand-est","15":"tag-nancy","16":"tag-news","17":"tag-republique-francaise"},"share_on_mastodon":{"url":"https:\/\/pubeurope.com\/@fr\/115849498796263340","error":""},"_links":{"self":[{"href":"https:\/\/www.europesays.com\/fr\/wp-json\/wp\/v2\/posts\/645297","targetHints":{"allow":["GET"]}}],"collection":[{"href":"https:\/\/www.europesays.com\/fr\/wp-json\/wp\/v2\/posts"}],"about":[{"href":"https:\/\/www.europesays.com\/fr\/wp-json\/wp\/v2\/types\/post"}],"author":[{"embeddable":true,"href":"https:\/\/www.europesays.com\/fr\/wp-json\/wp\/v2\/users\/2"}],"replies":[{"embeddable":true,"href":"https:\/\/www.europesays.com\/fr\/wp-json\/wp\/v2\/comments?post=645297"}],"version-history":[{"count":0,"href":"https:\/\/www.europesays.com\/fr\/wp-json\/wp\/v2\/posts\/645297\/revisions"}],"wp:featuredmedia":[{"embeddable":true,"href":"https:\/\/www.europesays.com\/fr\/wp-json\/wp\/v2\/media\/645298"}],"wp:attachment":[{"href":"https:\/\/www.europesays.com\/fr\/wp-json\/wp\/v2\/media?parent=645297"}],"wp:term":[{"taxonomy":"category","embeddable":true,"href":"https:\/\/www.europesays.com\/fr\/wp-json\/wp\/v2\/categories?post=645297"},{"taxonomy":"post_tag","embeddable":true,"href":"https:\/\/www.europesays.com\/fr\/wp-json\/wp\/v2\/tags?post=645297"}],"curies":[{"name":"wp","href":"https:\/\/api.w.org\/{rel}","templated":true}]}}