{"id":645305,"date":"2026-01-06T18:14:11","date_gmt":"2026-01-06T18:14:11","guid":{"rendered":"https:\/\/www.europesays.com\/fr\/645305\/"},"modified":"2026-01-06T18:14:11","modified_gmt":"2026-01-06T18:14:11","slug":"en-recevant-varsovie-et-kevin-tillie-en-ligue-des-champions-montpellier-fait-face-a-un-immense-defi","status":"publish","type":"post","link":"https:\/\/www.europesays.com\/fr\/645305\/","title":{"rendered":"En recevant Varsovie et Kevin Tillie en Ligue des champions, Montpellier fait face \u00e0 un immense d\u00e9fi"},"content":{"rendered":"<p>\n                                                                Pour le compte de la deuxi\u00e8me journ\u00e9e de la comp\u00e9tition europ\u00e9enne, le MHSC VB devra r\u00e9aliser un exploit, mercredi (20h30) sur le parquet du Palais des sports de Castelnau-le-Lez, s\u2019il veut battre le club polonais.\n                            <\/p>\n<p>Le contexte\u00a0: une dynamique \u00e0 conserver<\/p>\n<p>Depuis le 21\u00a0octobre, date du lancement de la saison, le MHSC VB a jou\u00e9 16 matchs. Il en a remport\u00e9 12, tous en championnat, et en a perdu quatre. Parmi eux, il y a l\u2019immense d\u00e9ception de l\u2019\u00e9limination au premier tour de la Coupe de France et la le\u00e7on re\u00e7ue en ouverture de la Ligue des champions sur le parquet de la Lube Civitanova en Italie (3-0).<\/p>\n<p>Samedi dernier, les Montpelli\u00e9rains ont sign\u00e9 une superbe performance en l\u2019emportant \u00e0 Tourcoing qui n\u2019avait pas encore chut\u00e9 \u00e0 domicile. Un succ\u00e8s qui les replace \u00e0 la deuxi\u00e8me place du classement en Ligue A masculine. S\u2019il doit faire sans Nicolas Le Goff et Simon Hirsch depuis plusieurs semaines, le Montpellier H\u00e9rault s\u2019en sort tr\u00e8s bien.<\/p>\n<p>Au capitaine Ezequiel Palacios et ses partenaires de confirmer leur bon d\u00e9but de saison par une \u00e9norme performance dans la plus prestigieuse des Coupes d\u2019Europe.<\/p>\n<p>Le Montpelli\u00e9rain \u00e0 suivre\u00a0: Tomas Lopez<\/p>\n<p>Arriv\u00e9 \u00e0 l\u2019\u00e9t\u00e9 2024 sur les rives du Lez, Tomas Lopez a r\u00e9alis\u00e9 une premi\u00e8re saison remarquable. L\u2019Argentin de 31 ans a prolong\u00e9 son contrat dans l\u2019H\u00e9rault, l\u00e0 o\u00f9 il est devenu p\u00e8re pour la deuxi\u00e8me fois.<\/p>\n<p>Preuve de son attachement \u00e0 la ville et au club. Malgr\u00e9 tout, son entame d\u2019exercice 2025-2026 a \u00e9t\u00e9 difficile\u00a0: \u00ab\u00a0Je n\u2019ai pas \u00e9t\u00e9 tr\u00e8s bon, je suis le premier \u00e0 le dire, confirme-t-il. J\u2019ai beaucoup travaill\u00e9 pour m\u2019am\u00e9liorer et pouvoir donner \u00e0 l\u2019\u00e9quipe le maximum de ce que je peux faire. Avec le nouveau passeur Matias Sanchez, on n\u2019a pas tout de suite trouv\u00e9 le bon rythme mais c\u2019est beaucoup mieux maintenant. Ce n\u2019est pas facile de maintenir un haut niveau pendant longtemps, mon objectif est d\u2019apporter mon \u00e9nergie \u00e0 l\u2019\u00e9quipe.\u00a0\u00bb<\/p>\n<p>Contre Varsovie, le r\u00e9ceptionneur-attaquant sud-am\u00e9ricain peut aussi amener son exp\u00e9rience, lui qui a connu les championnats allemands et italiens pendant sa carri\u00e8re.<\/p>\n<p>L\u2019adversaire\u00a0: un cador europ\u00e9en<\/p>\n<p>Sur le parquet du Palais des sports de Castelnau-le-Lez va se pr\u00e9senter l\u2019une des plus fortes \u00e9quipes du continent. Projekt Warszawa, le club phare de la capitale polonaise, est actuellement deuxi\u00e8me du championnat local.<\/p>\n<p>Avec Lube Civitanova, Varsovie est grandissime favori \u00e0 la qualification pour les phases finales et un candidat s\u00e9rieux pour remporter la Ligue des champions. Les Polonais n\u2019ont pas encore gagn\u00e9 de troph\u00e9e majeur mais frappent \u00e0 la porte des plus grands d\u2019Europe. Ces deux derni\u00e8res ann\u00e9es, ils ont atteint les demi-finales du championnat et de la Coupe nationale.<\/p>\n<p>En 2024, ils ont remport\u00e9 la CEV Challenge Cup, la troisi\u00e8me Coupe d\u2019Europe. Leur effectif est compos\u00e9 de joueurs de renomm\u00e9e internationale comme le pointu allemand Linus Weber ou encore les internationaux polonais Bartosz Bednorz et Jan Firlej.<\/p>\n<p>La curiosit\u00e9\u00a0: K\u00e9vin Tillie<\/p>\n<p>En l\u2019absence de Nicolas Le Goff sur le terrain, il sera l\u2019abstraction de la soir\u00e9e. Kevin Tillie (35 ans) est un des piliers de la g\u00e9n\u00e9ration dor\u00e9e de l\u2019\u00e9quipe de France double championne olympique.<\/p>\n<p>Sa carri\u00e8re est bien remplie comme son armoire \u00e0 troph\u00e9e en clubs et en s\u00e9lection. Il joue \u00e0 Varsovie depuis 2022 apr\u00e8s avoir \u00e9volu\u00e9 en Italie, en Turquie et dans plusieurs clubs polonais. Le r\u00e9ceptionneur-attaquant, fils de Laurent Tillie, l\u2019ancien s\u00e9lectionneur des Bleus, a m\u00eame port\u00e9 le maillot de Tours lors de la saison 2021-2022. \u00c0 coup s\u00fbr, il sera acclam\u00e9 par un public montpelli\u00e9rain qui sait recevoir les grands joueurs.<\/p>\n","protected":false},"excerpt":{"rendered":"Pour le compte de la deuxi\u00e8me journ\u00e9e de la comp\u00e9tition europ\u00e9enne, le MHSC VB devra r\u00e9aliser un exploit,&hellip;\n","protected":false},"author":2,"featured_media":645306,"comment_status":"","ping_status":"","sticky":false,"template":"","format":"standard","meta":{"footnotes":""},"categories":[9599],"tags":[1111,11,1777,674,1011,27,7089,2208,12,2680,25,517,1632],"class_list":{"0":"post-645305","1":"post","2":"type-post","3":"status-publish","4":"format-standard","5":"has-post-thumbnail","7":"category-montpellier","8":"tag-actu","9":"tag-actualites","10":"tag-eu","11":"tag-europe","12":"tag-fr","13":"tag-france","14":"tag-herault","15":"tag-montpellier","16":"tag-news","17":"tag-occitanie","18":"tag-republique-francaise","19":"tag-sport","20":"tag-volley-ball"},"share_on_mastodon":{"url":"https:\/\/pubeurope.com\/@fr\/115849518406238035","error":""},"_links":{"self":[{"href":"https:\/\/www.europesays.com\/fr\/wp-json\/wp\/v2\/posts\/645305","targetHints":{"allow":["GET"]}}],"collection":[{"href":"https:\/\/www.europesays.com\/fr\/wp-json\/wp\/v2\/posts"}],"about":[{"href":"https:\/\/www.europesays.com\/fr\/wp-json\/wp\/v2\/types\/post"}],"author":[{"embeddable":true,"href":"https:\/\/www.europesays.com\/fr\/wp-json\/wp\/v2\/users\/2"}],"replies":[{"embeddable":true,"href":"https:\/\/www.europesays.com\/fr\/wp-json\/wp\/v2\/comments?post=645305"}],"version-history":[{"count":0,"href":"https:\/\/www.europesays.com\/fr\/wp-json\/wp\/v2\/posts\/645305\/revisions"}],"wp:featuredmedia":[{"embeddable":true,"href":"https:\/\/www.europesays.com\/fr\/wp-json\/wp\/v2\/media\/645306"}],"wp:attachment":[{"href":"https:\/\/www.europesays.com\/fr\/wp-json\/wp\/v2\/media?parent=645305"}],"wp:term":[{"taxonomy":"category","embeddable":true,"href":"https:\/\/www.europesays.com\/fr\/wp-json\/wp\/v2\/categories?post=645305"},{"taxonomy":"post_tag","embeddable":true,"href":"https:\/\/www.europesays.com\/fr\/wp-json\/wp\/v2\/tags?post=645305"}],"curies":[{"name":"wp","href":"https:\/\/api.w.org\/{rel}","templated":true}]}}