{"id":645312,"date":"2026-01-06T18:18:13","date_gmt":"2026-01-06T18:18:13","guid":{"rendered":"https:\/\/www.europesays.com\/fr\/645312\/"},"modified":"2026-01-06T18:18:13","modified_gmt":"2026-01-06T18:18:13","slug":"municipales-2026-lintelligence-artificielle-debarque-dans-la-campagne-electorale","status":"publish","type":"post","link":"https:\/\/www.europesays.com\/fr\/645312\/","title":{"rendered":"Municipales 2026. L\u2019intelligence artificielle d\u00e9barque dans la campagne \u00e9lectorale"},"content":{"rendered":"<p>Lorsqu\u2019il a d\u00e9gain\u00e9 son affiche et sa vid\u00e9o de No\u00ebl g\u00e9n\u00e9r\u00e9e par l\u2019IA, le candidat (Horizons) \u00e0 la mairie de Grenoble <a href=\"https:\/\/www.ledauphine.com\/p\/herve-gerbi\" target=\"_blank\" rel=\"noopener\">Herv\u00e9 Gerbi<\/a> a ouvert un nouveau champ de d\u00e9bat dans une ville qui n\u2019en manque d\u00e9j\u00e0 pas. De la provocation pour certains, \u00ab\u00a0un coup marketing\u00a0\u00bb pour <a href=\"https:\/\/www.ledauphine.com\/elections\/2025\/09\/20\/les-insoumis-auront-une-liste-autonome-menee-par-allan-brunon-il-faut-de-la-radicalite\" target=\"_blank\" rel=\"noopener\">Allan Brunon (LFI) lui aussi en lice<\/a> pour les municipales. Mais, bien au-del\u00e0 de la joute politique, c\u2019est une question d\u2019ampleur qui a vu le jour, et ce n\u2019est pas un hasard, \u00e0 Grenoble, l\u2019une des capitales de la tech fran\u00e7aise.<\/p>\n<p>Selon une enqu\u00eate d\u2019Ipsos\/BVA de septembre\u00a02025, 39\u00a0% des Fran\u00e7ais utilisent les outils d\u2019intelligence artificielle g\u00e9n\u00e9rative. Et plus ils sont jeunes, plus ils y ont recours\u00a0: trois-quarts des&#8230;<\/p>\n","protected":false},"excerpt":{"rendered":"Lorsqu\u2019il a d\u00e9gain\u00e9 son affiche et sa vid\u00e9o de No\u00ebl g\u00e9n\u00e9r\u00e9e par l\u2019IA, le candidat (Horizons) \u00e0 la&hellip;\n","protected":false},"author":2,"featured_media":645313,"comment_status":"","ping_status":"","sticky":false,"template":"","format":"standard","meta":{"footnotes":""},"categories":[9566],"tags":[1111,11,2430,112,113,114,4188,1777,674,107,9592,1011,27,2731,2732,108,38811,12,316,25,767,106,104,2205],"class_list":{"0":"post-645312","1":"post","2":"type-post","3":"status-publish","4":"format-standard","5":"has-post-thumbnail","7":"category-grenoble","8":"tag-actu","9":"tag-actualites","10":"tag-auvergne-rhone-alpes","11":"tag-edition-grenoble-agglomeration","12":"tag-edition-gresivaudan-oisans","13":"tag-edition-voiron-saint-marcellin","14":"tag-elections-municipales","15":"tag-eu","16":"tag-europe","17":"tag-fil-info","18":"tag-fontaine","19":"tag-fr","20":"tag-france","21":"tag-grenoble","22":"tag-grenoble-bassin","23":"tag-isere","24":"tag-lans-en-vercors","25":"tag-news","26":"tag-politique","27":"tag-republique-francaise","28":"tag-science-et-technologie","29":"tag-selection-de-la-redaction-38","30":"tag-societe","31":"tag-television-medias"},"share_on_mastodon":{"url":"https:\/\/pubeurope.com\/@fr\/115849534091864134","error":""},"_links":{"self":[{"href":"https:\/\/www.europesays.com\/fr\/wp-json\/wp\/v2\/posts\/645312","targetHints":{"allow":["GET"]}}],"collection":[{"href":"https:\/\/www.europesays.com\/fr\/wp-json\/wp\/v2\/posts"}],"about":[{"href":"https:\/\/www.europesays.com\/fr\/wp-json\/wp\/v2\/types\/post"}],"author":[{"embeddable":true,"href":"https:\/\/www.europesays.com\/fr\/wp-json\/wp\/v2\/users\/2"}],"replies":[{"embeddable":true,"href":"https:\/\/www.europesays.com\/fr\/wp-json\/wp\/v2\/comments?post=645312"}],"version-history":[{"count":0,"href":"https:\/\/www.europesays.com\/fr\/wp-json\/wp\/v2\/posts\/645312\/revisions"}],"wp:featuredmedia":[{"embeddable":true,"href":"https:\/\/www.europesays.com\/fr\/wp-json\/wp\/v2\/media\/645313"}],"wp:attachment":[{"href":"https:\/\/www.europesays.com\/fr\/wp-json\/wp\/v2\/media?parent=645312"}],"wp:term":[{"taxonomy":"category","embeddable":true,"href":"https:\/\/www.europesays.com\/fr\/wp-json\/wp\/v2\/categories?post=645312"},{"taxonomy":"post_tag","embeddable":true,"href":"https:\/\/www.europesays.com\/fr\/wp-json\/wp\/v2\/tags?post=645312"}],"curies":[{"name":"wp","href":"https:\/\/api.w.org\/{rel}","templated":true}]}}