{"id":645314,"date":"2026-01-06T18:19:10","date_gmt":"2026-01-06T18:19:10","guid":{"rendered":"https:\/\/www.europesays.com\/fr\/645314\/"},"modified":"2026-01-06T18:19:10","modified_gmt":"2026-01-06T18:19:10","slug":"un-phenomene-extremement-dangereux-des-pluies-verglacantes-attendues-la-nuit-prochaine-en-ille-et-vilaine-voici-les-secteurs-concernes","status":"publish","type":"post","link":"https:\/\/www.europesays.com\/fr\/645314\/","title":{"rendered":"\u00ab\u00a0Un ph\u00e9nom\u00e8ne extr\u00eamement dangereux\u00a0\u00bb\u00a0: des pluies vergla\u00e7antes attendues la nuit prochaine en Ille-et-Vilaine, voici les secteurs concern\u00e9s"},"content":{"rendered":"<p>Les usagers de la route ne sont pas encore tir\u00e9s d\u2019affaire en Ille-et-Vilaine. Apr\u00e8s la neige et le verglas de ce d\u00e9but de semaine, de nouvelles difficult\u00e9s se profilent pour la nuit de mardi \u00e0 mercredi. Un \u00e9pisode de pluies vergla\u00e7antes est annonc\u00e9 sur une partie du territoire rendant la circulation particuli\u00e8rement d\u00e9licate \u00e0 l\u2019aube.<\/p>\n<p>C\u2019est quoi la pluie vergla\u00e7ante ?<\/p>\n<p>\u00ab C\u2019est un ph\u00e9nom\u00e8ne extr\u00eamement dangereux car il est invisible et difficile \u00e0 pr\u00e9voir \u00bb, pr\u00e9cise St\u00e9ven Tual m\u00e9t\u00e9orologiste pour Temps Breton. Les pluies vergla\u00e7antes surviennent lors de p\u00e9riodes de transition quand l\u2019air se radoucit en altitude mais que les temp\u00e9ratures restent basses.<\/p>\n<p>Au contact du sol, les gouttes vont instantan\u00e9ment geler et former des plaques de verglas. \u00ab C\u2019est tr\u00e8s sournois \u00bb, poursuit St\u00e9ven Tual. \u00ab On ne s\u2019en rend pas forc\u00e9ment compte tout de suite. C\u2019est d\u2019ailleurs tr\u00e8s difficile \u00e0 traiter pour les saleuses \u00bb.<\/p>\n<p>Quels secteurs seront touch\u00e9s ?<\/p>\n<p>Si les mod\u00e8les m\u00e9t\u00e9o conservent une part d\u2018incertitude sur la localisation exacte du front, la partie situ\u00e9e \u00e0 l\u2019est de l\u2019Ille-et-Vilaine devrait \u00eatre la plus \u00e0 risque. Entre 2 h et 5 h du matin, les pr\u00e9cipitations pourraient tomber abondamment sur des sols encore gel\u00e9s transformant la chauss\u00e9e en patinoire.<\/p>\n<p>Au lever du jour, ces pluies vergla\u00e7antes pourraient encore persister \u00e0 l\u2019est du bassin rennais, particuli\u00e8rement autour de Foug\u00e8res et Vitr\u00e9. En cons\u00e9quence, M\u00e9t\u00e9o-France a plac\u00e9 le d\u00e9partement en vigilance jaune jusqu\u2019\u00e0 9 h demain matin.<\/p>\n<p>C\u2019est \u00e0 partir de cette heure qu\u2019un redoux s\u2018installera plus franchement, avec des temp\u00e9ratures repassant durablement au-dessus de 0 \u00b0C, mettant ainsi fin \u00e0 cette s\u00e9quence hivernale. Cependant, le calme sera de courte dur\u00e9e. D\u00e8s jeudi, la temp\u00eate Goretti est attendue sur la r\u00e9gion, avec des rafales de vent qui pourraient atteindre les 150 km\/h.<\/p>\n","protected":false},"excerpt":{"rendered":"Les usagers de la route ne sont pas encore tir\u00e9s d\u2019affaire en Ille-et-Vilaine. Apr\u00e8s la neige et le&hellip;\n","protected":false},"author":2,"featured_media":645315,"comment_status":"","ping_status":"","sticky":false,"template":"","format":"standard","meta":{"footnotes":""},"categories":[2821],"tags":[1111,11,829,1777,674,1011,27,848,12,50972,584,25],"class_list":{"0":"post-645314","1":"post","2":"type-post","3":"status-publish","4":"format-standard","5":"has-post-thumbnail","7":"category-rennes","8":"tag-actu","9":"tag-actualites","10":"tag-bretagne","11":"tag-eu","12":"tag-europe","13":"tag-fr","14":"tag-france","15":"tag-ille-et-vilaine","16":"tag-news","17":"tag-newsletter-la-rennes-quotidienne","18":"tag-rennes","19":"tag-republique-francaise"},"share_on_mastodon":{"url":"https:\/\/pubeurope.com\/@fr\/115849538081096496","error":""},"_links":{"self":[{"href":"https:\/\/www.europesays.com\/fr\/wp-json\/wp\/v2\/posts\/645314","targetHints":{"allow":["GET"]}}],"collection":[{"href":"https:\/\/www.europesays.com\/fr\/wp-json\/wp\/v2\/posts"}],"about":[{"href":"https:\/\/www.europesays.com\/fr\/wp-json\/wp\/v2\/types\/post"}],"author":[{"embeddable":true,"href":"https:\/\/www.europesays.com\/fr\/wp-json\/wp\/v2\/users\/2"}],"replies":[{"embeddable":true,"href":"https:\/\/www.europesays.com\/fr\/wp-json\/wp\/v2\/comments?post=645314"}],"version-history":[{"count":0,"href":"https:\/\/www.europesays.com\/fr\/wp-json\/wp\/v2\/posts\/645314\/revisions"}],"wp:featuredmedia":[{"embeddable":true,"href":"https:\/\/www.europesays.com\/fr\/wp-json\/wp\/v2\/media\/645315"}],"wp:attachment":[{"href":"https:\/\/www.europesays.com\/fr\/wp-json\/wp\/v2\/media?parent=645314"}],"wp:term":[{"taxonomy":"category","embeddable":true,"href":"https:\/\/www.europesays.com\/fr\/wp-json\/wp\/v2\/categories?post=645314"},{"taxonomy":"post_tag","embeddable":true,"href":"https:\/\/www.europesays.com\/fr\/wp-json\/wp\/v2\/tags?post=645314"}],"curies":[{"name":"wp","href":"https:\/\/api.w.org\/{rel}","templated":true}]}}