{"id":645316,"date":"2026-01-06T18:20:15","date_gmt":"2026-01-06T18:20:15","guid":{"rendered":"https:\/\/www.europesays.com\/fr\/645316\/"},"modified":"2026-01-06T18:20:15","modified_gmt":"2026-01-06T18:20:15","slug":"de-la-seine-saint-denis-a-rennes-lincroyable-parcours-de-philippe-collin-infirmier-devenu-chirurgien-video","status":"publish","type":"post","link":"https:\/\/www.europesays.com\/fr\/645316\/","title":{"rendered":"De la Seine-Saint-Denis \u00e0 Rennes, l\u2019incroyable parcours de Philippe Collin, infirmier devenu chirurgien [Vid\u00e9o]"},"content":{"rendered":"<p>Quand on lui demande s\u2019il a toujours voulu devenir m\u00e9decin, Philippe Collin n\u2019h\u00e9site pas longtemps avant de r\u00e9pondre. Du temps o\u00f9 il vivait chez ses parents dans un quartier populaire d\u2019Aulnay-sous-Bois, en Seine-Saint-Denis, le m\u00e9decin \u00e9tait celui qu\u2019on allait voir quand on \u00e9tait malade. Une personne qu\u2019on admire et qu\u2019on respecte. Mais dont l\u2019aura brille tellement fort qu\u2019on s\u2019imagine qu\u2019elle trace une ligne infranchissable entre ceux n\u00e9s du bon c\u00f4t\u00e9 de la barri\u00e8re, et les autres.<\/p>\n<p>\u00ab Devenir m\u00e9decin, ce n\u2019\u00e9tait pas un objectif, ni m\u00eame un r\u00eave, se souvient Philippe Collin. Je me rappelle, une fois, alors que j\u2019\u00e9tudiais pour devenir infirmier, j\u2019avais dit \u00e0 mon p\u00e8re que j\u2019envisageais de poursuivre des \u00e9tudes de m\u00e9decin. Il m\u2019a r\u00e9pondu : \u00a0\u00bb\u00c9coute, il faut \u00eatre s\u00e9rieux quand m\u00eame.\u00a0\u00bb Ce n\u2019\u00e9tait pas notre monde. Dans ma famille, dans mon milieu social, ce n\u2019\u00e9tait tout simplement pas concevable. \u00bb<\/p>\n<p><img decoding=\"async\" src=\"https:\/\/www.europesays.com\/fr\/wp-content\/uploads\/2026\/01\/695becd17bc519df2d07d842.1.jpeg\" width=\"480\" height=\"300\" class=\"web_golden_m\" loading=\"lazy\" alt=\"Issu d\u2019un milieu populaire, Philippe Collin n\u2019avait jamais imagin\u00e9 devenir m\u00e9decin.\"\/>Issu d\u2019un milieu populaire, Philippe Collin n\u2019avait jamais imagin\u00e9 devenir m\u00e9decin. (Laura Ayad\/Le T\u00e9l\u00e9gramme)Le premier dipl\u00f4m\u00e9 de sa famille<\/p>\n<p>Trente-cinq ans plus tard, force est de constater que Philippe Collin est parvenu \u00e0 tordre le cou \u00e0 la fatalit\u00e9. Apr\u00e8s une br\u00e8ve carri\u00e8re en tant qu\u2019infirmier, le jeune soignant d\u2019Aulnay-sous-Bois est devenu chirurgien. Depuis 23 ans, il exerce \u00e0 l\u2019h\u00f4pital priv\u00e9 Saint-Gr\u00e9goire, pr\u00e8s de Rennes. Sp\u00e9cialiste de l\u2019\u00e9paule, il compte parmi les meilleurs experts du pays. \u00ab Le grand ponte de l\u2019\u00e9paule \u00bb, c\u2019est lui, r\u00e9sume S\u00e9bastien. \u00c0 quelques semaines des f\u00eates de fin d\u2019ann\u00e9e, cet artisan n\u2019a pas h\u00e9sit\u00e9 quand une douleur a commenc\u00e9 \u00e0 irradier dans son \u00e9paule. \u00ab Dans le coin, il a tr\u00e8s bonne r\u00e9putation. On a de la chance d\u2019avoir une star comme lui \u00bb, insiste-t-il.<\/p>\n<p><img decoding=\"async\" src=\"https:\/\/www.europesays.com\/fr\/wp-content\/uploads\/2026\/01\/695becd152c498aac30b6260.1.jpeg\" width=\"480\" height=\"300\" class=\"web_golden_m\" loading=\"lazy\" alt=\"Depuis qu\u2019il est sp\u00e9cialiste de l\u2019\u00e9paule, Philippe Collin a pratiqu\u00e9 plus de 20\u00a0000 op\u00e9rations.\"\/>Depuis qu\u2019il est sp\u00e9cialiste de l\u2019\u00e9paule, Philippe Collin a pratiqu\u00e9 plus de 20\u00a0000 op\u00e9rations. (Laura Ayad\/Le T\u00e9l\u00e9gramme)<\/p>\n<p>Au d\u00e9part pourtant, la trajectoire de Philippe Collin n\u2019est pas celle d\u2019une \u00ab star \u00bb. Plut\u00f4t celle d\u2019un jeune homme dissip\u00e9, qui peine \u00e0 trouver sa place sur les bancs du coll\u00e8ge-lyc\u00e9e. \u00ab Ce n\u2019\u00e9tait pas bien parti, reconna\u00eet le chirurgien. \u00c0 l\u2019\u00e9cole, je n\u2019\u00e9tais pas un \u00e9l\u00e8ve studieux, je ne faisais pas partie des bosseurs\u2026 J\u2019encha\u00eenais les mauvaises notes. \u00bb<\/p>\n<p>Malgr\u00e9 tout, le jeune homme s\u2019accroche. Au d\u00e9but des ann\u00e9es 1980, il d\u00e9croche son baccalaur\u00e9at litt\u00e9raire au rattrapage. Un s\u00e9same qu\u2019il est le premier, dans sa famille, \u00e0 recevoir. \u00ab Mes parents n\u2019avaient aucun dipl\u00f4me, confirme Philippe Collin. Ils ont tous les deux quitt\u00e9 l\u2019\u00e9cole t\u00f4t, pour travailler. Mon p\u00e8re n\u2019avait que son certificat d\u2019\u00e9tudes. \u00bb<\/p>\n<p><img decoding=\"async\" src=\"https:\/\/www.europesays.com\/fr\/wp-content\/uploads\/2026\/01\/695becd0a46e408817069130.1.jpeg\" width=\"480\" height=\"300\" class=\"web_golden_m\" loading=\"lazy\" alt=\"Sp\u00e9cialiste de l\u2019\u00e9paule, Philippe Collin est consid\u00e9r\u00e9 comme l\u2019un des meilleurs dans sa sp\u00e9cialit\u00e9. Son travail a d\u2019ailleurs \u00e9t\u00e9 r\u00e9compens\u00e9 par le Hawkins Award, remis par la soci\u00e9t\u00e9 am\u00e9ricaine des chirurgiens de l\u2019\u00e9paule.\"\/>Sp\u00e9cialiste de l\u2019\u00e9paule, Philippe Collin est consid\u00e9r\u00e9 comme l\u2019un des meilleurs dans sa sp\u00e9cialit\u00e9. Son travail a d\u2019ailleurs \u00e9t\u00e9 r\u00e9compens\u00e9 par le Hawkins Award, remis par la soci\u00e9t\u00e9 am\u00e9ricaine des chirurgiens de l\u2019\u00e9paule. (Laura Ayad\/Le T\u00e9l\u00e9gramme)Quand l\u2019inatteignable devient tangible<\/p>\n<p>Adepte d\u2019activit\u00e9 physique, le jeune \u00e9tudiant se voit un temps devenir kin\u00e9sith\u00e9rapeute. Mais il rate le concours et s\u2019inscrit finalement en \u00e9cole d\u2019infirmier, \u00e0 la facult\u00e9 de Bobigny. Rapidement, le jeune \u00e9tudiant est happ\u00e9 par l\u2019univers captivant bien qu\u2019aseptis\u00e9 de l\u2019h\u00f4pital. \u00ab Et puis, une nuit, alors que je travaillais aux urgences, on a re\u00e7u un patient qui avait une jambe fractur\u00e9e. J\u2019ai demand\u00e9 au chirurgien de garde si je pouvais assister \u00e0 l\u2019op\u00e9ration, ce qu\u2019il a accept\u00e9, raconte le m\u00e9decin. L\u2019op\u00e9ration m\u2019a \u00e9bahi. J\u2019ai trouv\u00e9 \u00e7a incroyable qu\u2019une personne rentre au bloc avec une jambe \u00e0 angle droit et en ressorte avec une jambe droite\u2026 C\u2019\u00e9tait fabuleux. \u00bb<\/p>\n<p><img decoding=\"async\" src=\"https:\/\/www.europesays.com\/fr\/wp-content\/uploads\/2026\/01\/695becd03c2cab745702b4d1.1.jpeg\" width=\"480\" height=\"300\" class=\"web_golden_m\" loading=\"lazy\" alt=\"Le mot d\u2019ordre du docteur Collin\u00a0? \u00ab\u00a0Vivre comme si on allait mourir demain et apprendre comme si on allait vivre de fa\u00e7on \u00e9ternelle.\u00a0\u00bb\"\/>Le mot d\u2019ordre du docteur Collin\u00a0? \u00ab\u00a0Vivre comme si on allait mourir demain et apprendre comme si on allait vivre de fa\u00e7on \u00e9ternelle.\u00a0\u00bb (Laura Ayad\/Le T\u00e9l\u00e9gramme)<\/p>\n<p>Alors qu\u2019il ne l\u2019avait jusqu\u2019\u00e0 pr\u00e9sent jamais envisag\u00e9, le gamin d\u2019Aulnay-sous-Bois se prend \u00e0 r\u00eaver de la particule \u00ab Dr \u00bb associ\u00e9e \u00e0 son nom. Mieux m\u00eame : il en fait un objectif. \u00ab J\u2019ai d\u00e9cid\u00e9 de rejoindre un cursus propos\u00e9 par ma facult\u00e9 aux param\u00e9dicaux pour leur permettre de devenir m\u00e9decin. On passait le m\u00eame concours que les carabins, mais on avait des points en plus si on travaillait au moins 40 heures par semaine comme infirmier, expose Philippe Collin. C\u2019\u00e9tait intense. Mais je ne peux pas dire que \u00e7a a \u00e9t\u00e9 dur : le plus dur, \u00e7\u2019aurait \u00e9t\u00e9 de me dire toute ma vie que j\u2019aurais d\u00fb essayer. \u00bb<\/p>\n<blockquote><p>J\u2019ai longtemps dit : \u00a0\u00bbQuand on veut, on peut\u00a0\u00bb. Ce qui est faux, je crois. Par contre, quand on peut, on doit&rsquo;. \u00c7a, j\u2019en suis certain.<\/p><\/blockquote>\n<p>\u00ab Quand on peut, on doit \u00bb<\/p>\n<p>Le concours de m\u00e9decine en poche, Philippe Collin gravit rapidement les \u00e9chelons. S\u2019il excelle au bloc, un coll\u00e8gue lui conseille de r\u00e9server une partie de son temps \u00e0 la recherche clinique. Un conseil porteur, en t\u00e9moigne le chirurgien : \u00ab \u00c7a m\u2019a permis de me d\u00e9passer pour viser toujours plus haut. Les pilotes de chasse sont d\u2019abord d\u2019excellents ing\u00e9nieurs. Avant de savoir bien piloter un avion, il faut savoir comment il est con\u00e7u. \u00bb<\/p>\n<p>S\u2019il a exerc\u00e9 le m\u00e9tier d\u2019infirmier pendant quatre ans seulement, Philippe Collin assure que cette exp\u00e9rience lui a beaucoup appris. \u00ab Je crois que \u00e7a m\u2019a apport\u00e9 un regard plus complet sur le soin. Je trouve d\u2019ailleurs que davantage de param\u00e9dicaux devraient pouvoir devenir m\u00e9decin. \u00bb Mais dans une soci\u00e9t\u00e9 o\u00f9 l\u2019on cat\u00e9gorise tout et tout le monde, la bascule est complexe. Philippe Collin le sait : s\u2019il a longtemps cru en la m\u00e9ritocratie comme en un absolu, le chirurgien est aujourd\u2019hui plus nuanc\u00e9. \u00ab J\u2019ai longtemps dit : \u00a0\u00bbQuand on veut, on peut\u00a0\u00bb. Ce qui est faux, je crois. Par contre, quand on peut, on doit. \u00c7a, j\u2019en suis certain. \u00bb<\/p>\n","protected":false},"excerpt":{"rendered":"Quand on lui demande s\u2019il a toujours voulu devenir m\u00e9decin, Philippe Collin n\u2019h\u00e9site pas longtemps avant de r\u00e9pondre.&hellip;\n","protected":false},"author":2,"featured_media":645317,"comment_status":"","ping_status":"","sticky":false,"template":"","format":"standard","meta":{"footnotes":""},"categories":[2821],"tags":[1111,11,829,1777,674,1011,27,848,12,16048,584,25,71,2955],"class_list":{"0":"post-645316","1":"post","2":"type-post","3":"status-publish","4":"format-standard","5":"has-post-thumbnail","7":"category-rennes","8":"tag-actu","9":"tag-actualites","10":"tag-bretagne","11":"tag-eu","12":"tag-europe","13":"tag-fr","14":"tag-france","15":"tag-ille-et-vilaine","16":"tag-news","17":"tag-newsletter-aujourdhui-en-bretagne","18":"tag-rennes","19":"tag-republique-francaise","20":"tag-sante","21":"tag-videos"},"share_on_mastodon":{"url":"https:\/\/pubeurope.com\/@fr\/115849542174587578","error":""},"_links":{"self":[{"href":"https:\/\/www.europesays.com\/fr\/wp-json\/wp\/v2\/posts\/645316","targetHints":{"allow":["GET"]}}],"collection":[{"href":"https:\/\/www.europesays.com\/fr\/wp-json\/wp\/v2\/posts"}],"about":[{"href":"https:\/\/www.europesays.com\/fr\/wp-json\/wp\/v2\/types\/post"}],"author":[{"embeddable":true,"href":"https:\/\/www.europesays.com\/fr\/wp-json\/wp\/v2\/users\/2"}],"replies":[{"embeddable":true,"href":"https:\/\/www.europesays.com\/fr\/wp-json\/wp\/v2\/comments?post=645316"}],"version-history":[{"count":0,"href":"https:\/\/www.europesays.com\/fr\/wp-json\/wp\/v2\/posts\/645316\/revisions"}],"wp:featuredmedia":[{"embeddable":true,"href":"https:\/\/www.europesays.com\/fr\/wp-json\/wp\/v2\/media\/645317"}],"wp:attachment":[{"href":"https:\/\/www.europesays.com\/fr\/wp-json\/wp\/v2\/media?parent=645316"}],"wp:term":[{"taxonomy":"category","embeddable":true,"href":"https:\/\/www.europesays.com\/fr\/wp-json\/wp\/v2\/categories?post=645316"},{"taxonomy":"post_tag","embeddable":true,"href":"https:\/\/www.europesays.com\/fr\/wp-json\/wp\/v2\/tags?post=645316"}],"curies":[{"name":"wp","href":"https:\/\/api.w.org\/{rel}","templated":true}]}}