{"id":645318,"date":"2026-01-06T18:21:09","date_gmt":"2026-01-06T18:21:09","guid":{"rendered":"https:\/\/www.europesays.com\/fr\/645318\/"},"modified":"2026-01-06T18:21:09","modified_gmt":"2026-01-06T18:21:09","slug":"on-a-crame-mes-espoirs","status":"publish","type":"post","link":"https:\/\/www.europesays.com\/fr\/645318\/","title":{"rendered":"On a cram\u00e9 mes espoirs"},"content":{"rendered":"<p>                    Par<br \/>\n        <strong><br \/>\n            <a href=\"https:\/\/actu.fr\/auteur\/ivan-capecchi\" title=\"Consulter tous les articles de Ivan CAPECCHI\" target=\"_blank\" rel=\"noopener\">Ivan CAPECCHI<\/a><br \/>\n                    <\/strong><\/p>\n<p>        Publi\u00e9 le<\/p>\n<p>            6 janv. 2026 \u00e0 17h48        <\/p>\n<p>La nuit du Nouvel An, la <strong>r\u00f4tisserie<\/strong> de <strong>Souleyman<\/strong> a \u00e9t\u00e9 <strong>incendi\u00e9e<\/strong> sur un parking du <strong>quartier de la Meinau<\/strong>, \u00e0 <strong>Strasbourg<\/strong>. La camionnette qu\u2019il louait pour son activit\u00e9 a \u00e9t\u00e9 d\u00e9truite, l\u2019emp\u00eachant de travailler.<\/p>\n<p class=\" wall-content\">\u00ab\u00a0Toi qui as br\u00fbl\u00e9 une camionnette hier soir, rue de la Canardi\u00e8re \u00e0 la Meinau. Peut-\u00eatre pour l\u2019adr\u00e9naline. Peut-\u00eatre pour une vid\u00e9o \u00e0 poster. [\u2026] Je souhaite que tu sois identifi\u00e9, arr\u00eat\u00e9 et sanctionn\u00e9. Lourdement\u00a0\u00bb, a r\u00e9agi <a href=\"https:\/\/actu.fr\/grand-est\/strasbourg_67482\/municipales-2026-jean-philippe-vetter-se-lance-dans-la-course-et-cree-son-mouvement_62102551.html\" target=\"_blank\" rel=\"noopener\">Jean-Philippe Vetter<\/a>, candidat (LR) aux <a href=\"https:\/\/actu.fr\/elections-municipales\" target=\"_blank\" rel=\"noopener\">\u00e9lections municipales<\/a> de Strasbourg, qui a relay\u00e9 l\u2019histoire de Souleyman sur sa page Facebook.<\/p>\n<p class=\" wall-content\">Pour rappel, <a href=\"https:\/\/actu.fr\/grand-est\/strasbourg_67482\/nouvel-an-a-strasbourg-une-centaine-de-voitures-brulees-plus-de-20-personnes-interpellees_63642239.html\" target=\"_blank\" rel=\"noopener\">une centaine de v\u00e9hicules ont \u00e9t\u00e9 incendi\u00e9s<\/a> la nuit du Nouvel An \u00e0 Strasbourg, et ce malgr\u00e9 le dispositif de s\u00e9curit\u00e9 renforc\u00e9 et les <a href=\"https:\/\/actu.fr\/grand-est\/strasbourg_67482\/stationner-pendant-le-nouvel-an-a-strasbourg-voici-la-liste-des-parkings-gratuits-et-securises_63601256.html\" target=\"_blank\" rel=\"noopener\">parkings s\u00e9curis\u00e9s reconduits<\/a>.\u00a0<\/p>\n<p>    <a href=\"https:\/\/www.facebook.com\/plugins\/video.php?height=476&amp;href=https%3A%2F%2Fwww.facebook.com%2Freel%2F1860491771500468%2F&amp;show_text=true&amp;width=350&amp;t=0\" title=\"Ouvrie le lien\" target=\"_blank\" rel=\"noopener\">Cliquez ici pour visualiser le contenu<\/a><\/p>\n<p>\u00ab\u00a0On a cram\u00e9 mes espoirs\u00a0\u00bb, r\u00e9agit Souleyman<\/p>\n<p class=\" wall-content\">\u00c2g\u00e9 de 58 ans, Souleyman exer\u00e7ait une activit\u00e9 de r\u00f4tisserie sur les march\u00e9s du Neuhof, de l\u2019Esplanade et aux abords du mus\u00e9e d\u2019art moderne.<\/p>\n<p class=\" wall-content\">\u00ab\u00a0<strong>On a cram\u00e9 mes espoirs<\/strong>\u00ab\u00a0, r\u00e9agit-il. Il souhaite contracter un cr\u00e9dit pour acheter un camion qu\u2019il a rep\u00e9r\u00e9, mais indique que <strong>les banques refusent de lui pr\u00eater<\/strong>.<\/p>\n<p class=\" wall-content\">Souleyman est handicap\u00e9 depuis un<strong> accident du travail<\/strong> survenu en 2001. Il a notamment une <strong>proth\u00e8se \u00e0 la hanche<\/strong> et des<strong> difficult\u00e9s \u00e0 marcher<\/strong>.<\/p>\n<p class=\" wall-content\">Personnalisez votre actualit\u00e9 en ajoutant vos villes et m\u00e9dias en favori avec <a href=\"https:\/\/moncompte.actu.fr\" title=\"D\u00e9couvez Mon Actu\" rel=\"nofollow noopener\" data-trk=\"{&quot;cta&quot;:{&quot;action&quot;:&quot;https:\\\/\\\/moncompte.actu.fr&quot;,&quot;category&quot;:&quot;mon compte&quot;,&quot;from&quot;:&quot;article footer&quot;,&quot;name&quot;:&quot;Mon actu&quot;,&quot;type&quot;:&quot;cta&quot;}}\" target=\"_blank\">Mon Actu<\/a>.<\/p>\n","protected":false},"excerpt":{"rendered":"Par Ivan CAPECCHI Publi\u00e9 le 6 janv. 2026 \u00e0 17h48 La nuit du Nouvel An, la r\u00f4tisserie de&hellip;\n","protected":false},"author":2,"featured_media":645319,"comment_status":"","ping_status":"","sticky":false,"template":"","format":"standard","meta":{"footnotes":""},"categories":[2820],"tags":[119,1111,11,1777,674,1011,27,775,1310,12,25,104,640],"class_list":{"0":"post-645318","1":"post","2":"type-post","3":"status-publish","4":"format-standard","5":"has-post-thumbnail","7":"category-strasbourg","8":"tag-accident","9":"tag-actu","10":"tag-actualites","11":"tag-eu","12":"tag-europe","13":"tag-fr","14":"tag-france","15":"tag-grand-est","16":"tag-incendie","17":"tag-news","18":"tag-republique-francaise","19":"tag-societe","20":"tag-strasbourg"},"share_on_mastodon":{"url":"https:\/\/pubeurope.com\/@fr\/115849546045367534","error":""},"_links":{"self":[{"href":"https:\/\/www.europesays.com\/fr\/wp-json\/wp\/v2\/posts\/645318","targetHints":{"allow":["GET"]}}],"collection":[{"href":"https:\/\/www.europesays.com\/fr\/wp-json\/wp\/v2\/posts"}],"about":[{"href":"https:\/\/www.europesays.com\/fr\/wp-json\/wp\/v2\/types\/post"}],"author":[{"embeddable":true,"href":"https:\/\/www.europesays.com\/fr\/wp-json\/wp\/v2\/users\/2"}],"replies":[{"embeddable":true,"href":"https:\/\/www.europesays.com\/fr\/wp-json\/wp\/v2\/comments?post=645318"}],"version-history":[{"count":0,"href":"https:\/\/www.europesays.com\/fr\/wp-json\/wp\/v2\/posts\/645318\/revisions"}],"wp:featuredmedia":[{"embeddable":true,"href":"https:\/\/www.europesays.com\/fr\/wp-json\/wp\/v2\/media\/645319"}],"wp:attachment":[{"href":"https:\/\/www.europesays.com\/fr\/wp-json\/wp\/v2\/media?parent=645318"}],"wp:term":[{"taxonomy":"category","embeddable":true,"href":"https:\/\/www.europesays.com\/fr\/wp-json\/wp\/v2\/categories?post=645318"},{"taxonomy":"post_tag","embeddable":true,"href":"https:\/\/www.europesays.com\/fr\/wp-json\/wp\/v2\/tags?post=645318"}],"curies":[{"name":"wp","href":"https:\/\/api.w.org\/{rel}","templated":true}]}}