{"id":645326,"date":"2026-01-06T18:26:14","date_gmt":"2026-01-06T18:26:14","guid":{"rendered":"https:\/\/www.europesays.com\/fr\/645326\/"},"modified":"2026-01-06T18:26:14","modified_gmt":"2026-01-06T18:26:14","slug":"video-une-journee-de-neige-et-de-verglas-a-nantes","status":"publish","type":"post","link":"https:\/\/www.europesays.com\/fr\/645326\/","title":{"rendered":"Vid\u00e9o. Une journ\u00e9e de neige et de verglas \u00e0 Nantes"},"content":{"rendered":"<p>                    Par<br \/>\n        <strong><br \/>\n            <a href=\"https:\/\/actu.fr\/auteur\/thomas-bernard\" title=\"Consulter tous les articles de Thomas Bernard\" target=\"_blank\" rel=\"noopener\">Thomas Bernard<\/a><br \/>\n                    <\/strong><\/p>\n<p>        Publi\u00e9 le<\/p>\n<p>            6 janv. 2026 \u00e0 17h58        <\/p>\n<p>        Enregistrer<\/p>\n<p>        Partager<\/p>\n<ul id=\"share\" class=\"ac-article-actions__share \">\n<li>\n            <a target=\"_blank\" href=\"http:\/\/www.facebook.com\/sharer.php?u=https:\/\/actu.fr\/pays-de-la-loire\/nantes_44109\/video-une-journee-de-neige-et-de-verglas-a-nantes_63660412.html\" class=\"ac-btn-social ac-btn-social--blue ac-btn-social--facebook\" title=\"Partagez sur Facebook - Nouvelle fen\u00eatre\" data-trk=\"{&quot;social&quot;:{&quot;network&quot;:&quot;facebook&quot;},&quot;article&quot;:{&quot;id_contenu&quot;:63660412,&quot;titre_contenu&quot;:&quot;Vid\\u00e9o. Une journ\\u00e9e de neige et de verglas \\u00e0 Nantes&quot;,&quot;marque&quot;:&quot;Actu Nantes&quot;,&quot;nom_commune&quot;:&quot;Nantes&quot;,&quot;code_insee_commune&quot;:&quot;44109&quot;,&quot;code_region&quot;:&quot;52&quot;,&quot;code_departement&quot;:&quot;44&quot;,&quot;type&quot;:&quot;article&quot;,&quot;arborescence&quot;:&quot;M\\u00e9t\\u00e9o&quot;,&quot;tags_article_s&quot;:&quot;M\\u00e9t\\u00e9o France|Neige&quot;,&quot;signature_auteur&quot;:&quot;Thomas Bernard&quot;,&quot;statut_monetisation&quot;:&quot;gratuit&quot;}}\" rel=\"noopener\">Partagez sur Facebook<\/a>\n        <\/li>\n<li>\n            <a target=\"_blank\" href=\"https:\/\/twitter.com\/intent\/tweet?url=https:\/\/actu.fr\/pays-de-la-loire\/nantes_44109\/video-une-journee-de-neige-et-de-verglas-a-nantes_63660412.html&amp;text=Vid\u00e9o. Une journ\u00e9e de neige et de verglas \u00e0 Nantes&amp;via=actufr\" class=\"ac-btn-social ac-btn-social--blue ac-btn-social--x\" title=\"Partagez sur Twitter - Nouvelle fen\u00eatre\" data-trk=\"{&quot;social&quot;:{&quot;network&quot;:&quot;twitter&quot;},&quot;article&quot;:{&quot;id_contenu&quot;:63660412,&quot;titre_contenu&quot;:&quot;Vid\\u00e9o. Une journ\\u00e9e de neige et de verglas \\u00e0 Nantes&quot;,&quot;marque&quot;:&quot;Actu Nantes&quot;,&quot;nom_commune&quot;:&quot;Nantes&quot;,&quot;code_insee_commune&quot;:&quot;44109&quot;,&quot;code_region&quot;:&quot;52&quot;,&quot;code_departement&quot;:&quot;44&quot;,&quot;type&quot;:&quot;article&quot;,&quot;arborescence&quot;:&quot;M\\u00e9t\\u00e9o&quot;,&quot;tags_article_s&quot;:&quot;M\\u00e9t\\u00e9o France|Neige&quot;,&quot;signature_auteur&quot;:&quot;Thomas Bernard&quot;,&quot;statut_monetisation&quot;:&quot;gratuit&quot;}}\" rel=\"noopener\">Partagez sur Twitter<\/a>\n        <\/li>\n<li>\n            <a target=\"_blank\" href=\"http:\/\/actu.fr\/cdn-cgi\/l\/email-protection#92d2ade1e7f0f8f7f1e6afc4fbf6513bfdbcb2c7fcf7b2f8fde7e0fc513bf7b2f6f7b2fcf7fbf5f7b2f7e6b2f6f7b2e4f7e0f5fef3e1b25132b2dcf3fce6f7e1b4f0fdf6ebafc4fbf6513bfdbcb2c7fcf7b2f8fde7e0fc513bf7b2f6f7b2fcf7fbf5f7b2f7e6b2f6f7b2e4f7e0f5fef3e1b25132b2dcf3fce6f7e1b7a0a2a8b7a0a2fae6e6e2e1a8bdbdf3f1e6e7bcf4e0bde2f3ebe1bff6f7bffef3bffefdfbe0f7bdfcf3fce6f7e1cda6a6a3a2abbde4fbf6f7fdbfe7fcf7bff8fde7e0fcf7f7bff6f7bffcf7fbf5f7bff7e6bff6f7bfe4f7e0f5fef3e1bff3bffcf3fce6f7e1cda4a1a4a4a2a6a3a0bcfae6fffe\" class=\"ac-btn-social ac-btn-social--blue ac-btn-social--mail\" title=\"Partagez par mail - Nouvelle fen\u00eatre\" data-trk=\"{&quot;social&quot;:{&quot;network&quot;:&quot;email&quot;},&quot;article&quot;:{&quot;id_contenu&quot;:63660412,&quot;titre_contenu&quot;:&quot;Vid\\u00e9o. Une journ\\u00e9e de neige et de verglas \\u00e0 Nantes&quot;,&quot;marque&quot;:&quot;Actu Nantes&quot;,&quot;nom_commune&quot;:&quot;Nantes&quot;,&quot;code_insee_commune&quot;:&quot;44109&quot;,&quot;code_region&quot;:&quot;52&quot;,&quot;code_departement&quot;:&quot;44&quot;,&quot;type&quot;:&quot;article&quot;,&quot;arborescence&quot;:&quot;M\\u00e9t\\u00e9o&quot;,&quot;tags_article_s&quot;:&quot;M\\u00e9t\\u00e9o France|Neige&quot;,&quot;signature_auteur&quot;:&quot;Thomas Bernard&quot;,&quot;statut_monetisation&quot;:&quot;gratuit&quot;}}\" rel=\"noopener\">Partagez par Mail<\/a>\n        <\/li>\n<li>\n<p>                Copiez\/Collez le Lien<\/p>\n<p>            Copi\u00e9 !\n        <\/li>\n<\/ul>\n<p>Elle \u00e9tait <a href=\"https:\/\/actu.fr\/pays-de-la-loire\/nantes_44109\/neige-a-nantes-des-flocons-ce-lundi-soir-voici-a-quoi-sattendre_63649699.html\" target=\"_blank\" rel=\"noopener\">annonc\u00e9e par les pr\u00e9visions m\u00e9t\u00e9orologiques<\/a>, elle est venue. Peu apr\u00e8s 18 h 30, lundi 5 janvier 2026,<a href=\"https:\/\/actu.fr\/pays-de-la-loire\/nantes_44109\/neige-et-verglas-a-nantes-vos-plus-belles-photos-de-la-soiree_63655954.html\" target=\"_blank\" rel=\"noopener\"> les premiers flocons de neige sont tomb\u00e9s \u00e0 Nantes<\/a>. Un manteau blanc a rapidement <b>recouvert la cit\u00e9 des ducs de Bretagne<\/b>, pour le bonheur des petits et grands.\u00a0<\/p>\n<p class=\" wall-content\">Ce mardi 6 janvier 2026, la ville de Jules Verne s\u2019est <a href=\"https:\/\/actu.fr\/pays-de-la-loire\/nantes_44109\/neige-et-verglas-a-nantes-le-reveil-dune-ville-enneigee-nos-images_63656673.html\" target=\"_blank\" rel=\"noopener\">r\u00e9veill\u00e9e sous la neige<\/a>. Des conditions qui ont compliqu\u00e9 la circulation et <a href=\"https:\/\/actu.fr\/pays-de-la-loire\/nantes_44109\/neige-et-verglas-a-nantes-les-bus-et-les-trams-ne-circulent-pas-ce-matin_63655170.html\" target=\"_blank\" rel=\"noopener\">le service des transports en commun en ville<\/a>.\u00a0<\/p>\n<p>\u00c0 lire aussi<\/p>\n<ul>\n<li><a data-trkalireaussi=\"oui\" href=\"https:\/\/actu.fr\/pays-de-la-loire\/nantes_44109\/neige-et-verglas-a-nantes-le-reveil-dune-ville-enneigee-nos-images_63656673.html\" data-trk=\"{&quot;cta&quot;:{&quot;type&quot;:&quot;lien article&quot;,&quot;name&quot;:&quot;Neige et verglas \\u00e0 Nantes : le r\\u00e9veil d\\u2019une ville enneig\\u00e9e, nos images&quot;,&quot;category&quot;:&quot;article&quot;,&quot;action&quot;:&quot;https:\\\/\\\/actu.fr\\\/pays-de-la-loire\\\/nantes_44109\\\/neige-et-verglas-a-nantes-le-reveil-dune-ville-enneigee-nos-images_63656673.html&quot;,&quot;from&quot;:&quot;\\u00c0 lire aussi&quot;}}\" target=\"_blank\" rel=\"noopener\">Neige et verglas \u00e0 Nantes : le r\u00e9veil d\u2019une ville enneig\u00e9e, nos images<\/a><\/li>\n<\/ul>\n<p>Nantes enneig\u00e9e\u00a0<\/p>\n<p class=\" wall-content\">Ce mardi, les Nantais ont profit\u00e9 du soleil pour d\u00e9ambuler dans les rues et s\u2019amuser avec la neige rest\u00e9e au sol. Retrouvez <b>nos plus belles images dans cette vid\u00e9o<\/b>.\u00a0<\/p>\n<p class=\" wall-content\">Des chutes de neige et de la pluie vergla\u00e7ante sont <a href=\"https:\/\/actu.fr\/meteo\/meteo-en-loire-atlantique-encore-de-la-neige-et-de-la-pluie-verglacante-dans-la-nuit_63659571.html\" target=\"_blank\" rel=\"noopener\">attendues dans la nuit du mardi 6 au mercredi 7 janvier 2026<\/a>.\u00a0<\/p>\n<p class=\" wall-content\">Personnalisez votre actualit\u00e9 en ajoutant vos villes et m\u00e9dias en favori avec <a href=\"https:\/\/moncompte.actu.fr\" title=\"D\u00e9couvez Mon Actu\" rel=\"nofollow noopener\" data-trk=\"{&quot;cta&quot;:{&quot;action&quot;:&quot;https:\\\/\\\/moncompte.actu.fr&quot;,&quot;category&quot;:&quot;mon compte&quot;,&quot;from&quot;:&quot;article footer&quot;,&quot;name&quot;:&quot;Mon actu&quot;,&quot;type&quot;:&quot;cta&quot;}}\" target=\"_blank\">Mon Actu<\/a>.<\/p>\n<p>                    <script async src=\"https:\/\/platform.twitter.com\/widgets.js\" charset=\"utf-8\"><\/script><\/p>\n","protected":false},"excerpt":{"rendered":"Par Thomas Bernard Publi\u00e9 le 6 janv. 2026 \u00e0 17h58 Enregistrer Partager Partagez sur Facebook Partagez sur Twitter&hellip;\n","protected":false},"author":2,"featured_media":645327,"comment_status":"","ping_status":"","sticky":false,"template":"","format":"standard","meta":{"footnotes":""},"categories":[2818],"tags":[1111,11,1777,674,1011,27,2487,2357,766,10584,12,2636,25],"class_list":{"0":"post-645326","1":"post","2":"type-post","3":"status-publish","4":"format-standard","5":"has-post-thumbnail","7":"category-nantes","8":"tag-actu","9":"tag-actualites","10":"tag-eu","11":"tag-europe","12":"tag-fr","13":"tag-france","14":"tag-meteo","15":"tag-meteo-france","16":"tag-nantes","17":"tag-neige","18":"tag-news","19":"tag-pays-de-la-loire","20":"tag-republique-francaise"},"share_on_mastodon":{"url":"https:\/\/pubeurope.com\/@fr\/115849565559897126","error":""},"_links":{"self":[{"href":"https:\/\/www.europesays.com\/fr\/wp-json\/wp\/v2\/posts\/645326","targetHints":{"allow":["GET"]}}],"collection":[{"href":"https:\/\/www.europesays.com\/fr\/wp-json\/wp\/v2\/posts"}],"about":[{"href":"https:\/\/www.europesays.com\/fr\/wp-json\/wp\/v2\/types\/post"}],"author":[{"embeddable":true,"href":"https:\/\/www.europesays.com\/fr\/wp-json\/wp\/v2\/users\/2"}],"replies":[{"embeddable":true,"href":"https:\/\/www.europesays.com\/fr\/wp-json\/wp\/v2\/comments?post=645326"}],"version-history":[{"count":0,"href":"https:\/\/www.europesays.com\/fr\/wp-json\/wp\/v2\/posts\/645326\/revisions"}],"wp:featuredmedia":[{"embeddable":true,"href":"https:\/\/www.europesays.com\/fr\/wp-json\/wp\/v2\/media\/645327"}],"wp:attachment":[{"href":"https:\/\/www.europesays.com\/fr\/wp-json\/wp\/v2\/media?parent=645326"}],"wp:term":[{"taxonomy":"category","embeddable":true,"href":"https:\/\/www.europesays.com\/fr\/wp-json\/wp\/v2\/categories?post=645326"},{"taxonomy":"post_tag","embeddable":true,"href":"https:\/\/www.europesays.com\/fr\/wp-json\/wp\/v2\/tags?post=645326"}],"curies":[{"name":"wp","href":"https:\/\/api.w.org\/{rel}","templated":true}]}}