{"id":645332,"date":"2026-01-06T18:29:11","date_gmt":"2026-01-06T18:29:11","guid":{"rendered":"https:\/\/www.europesays.com\/fr\/645332\/"},"modified":"2026-01-06T18:29:11","modified_gmt":"2026-01-06T18:29:11","slug":"dix-huitieme-conference-sur-leconomie-numerique-a-tse","status":"publish","type":"post","link":"https:\/\/www.europesays.com\/fr\/645332\/","title":{"rendered":"Dix-huiti\u00e8me conf\u00e9rence sur l&rsquo;\u00e9conomie num\u00e9rique \u00e0 TSE"},"content":{"rendered":"<p>La Toulouse School of Economics (TSE) organise, les 8 et 9\u00a0janvier, la dix-huiti\u00e8me conf\u00e9rence sur l\u2019\u00e9conomie num\u00e9rique. Cet \u00e9v\u00e9nement en anglais, organis\u00e9 avec l\u2019aide du Centre de recherche sur la politique \u00e9conomique (CEPR), a pour but \u00ab\u00a0de discuter des contributions r\u00e9centes \u00e0 la compr\u00e9hension de l\u2019\u00e9conomie num\u00e9rique et de ses cons\u00e9quences pour les soci\u00e9t\u00e9s modernes\u00a0\u00bb.<\/p>\n<p>Parmi les oratrices, Monika Schnitzer de la Ludwig-Maximilians-Universit\u00e9 de Munich, pr\u00e9sidente du Conseil allemand des experts \u00e9conomiques, et Laura Veldkamp\u00a0; de la Columbia Business School. <a href=\"https:\/\/www.tse-fr.eu\/conferences\/2026-18th-digital-economics-conference?lang=en\" class=\"spip_out\" rel=\"external noopener\" target=\"_blank\">Plus d\u2019informations<\/a> et <a href=\"https:\/\/www.tse-fr.eu\/registration-form-18th-digital-economics-conference-2026\" class=\"spip_out\" rel=\"external noopener\" target=\"_blank\">inscriptions<\/a> en ligne.<\/p>\n<p>Conf\u00e9rence sur l\u2019\u00e9conomie num\u00e9rique. Les jeudi 8 et vendredi 9\u00a0janvier 2026 \u00e0 TSE, 1 esplanade de l\u2019Universit\u00e9, \u00e0 Toulouse, Auditoriums 3 et 4.<\/p>\n","protected":false},"excerpt":{"rendered":"La Toulouse School of Economics (TSE) organise, les 8 et 9\u00a0janvier, la dix-huiti\u00e8me conf\u00e9rence sur l\u2019\u00e9conomie num\u00e9rique. Cet&hellip;\n","protected":false},"author":2,"featured_media":373637,"comment_status":"","ping_status":"","sticky":false,"template":"","format":"standard","meta":{"footnotes":""},"categories":[2816],"tags":[1111,11,33,1777,674,1011,27,14,12,4125,2680,25,2312,60851],"class_list":{"0":"post-645332","1":"post","2":"type-post","3":"status-publish","4":"format-standard","5":"has-post-thumbnail","7":"category-toulouse","8":"tag-actu","9":"tag-actualites","10":"tag-economie","11":"tag-eu","12":"tag-europe","13":"tag-fr","14":"tag-france","15":"tag-international","16":"tag-news","17":"tag-numerique","18":"tag-occitanie","19":"tag-republique-francaise","20":"tag-toulouse","21":"tag-toulouse-school-of-economics"},"share_on_mastodon":{"url":"https:\/\/pubeurope.com\/@fr\/115849577316082800","error":""},"_links":{"self":[{"href":"https:\/\/www.europesays.com\/fr\/wp-json\/wp\/v2\/posts\/645332","targetHints":{"allow":["GET"]}}],"collection":[{"href":"https:\/\/www.europesays.com\/fr\/wp-json\/wp\/v2\/posts"}],"about":[{"href":"https:\/\/www.europesays.com\/fr\/wp-json\/wp\/v2\/types\/post"}],"author":[{"embeddable":true,"href":"https:\/\/www.europesays.com\/fr\/wp-json\/wp\/v2\/users\/2"}],"replies":[{"embeddable":true,"href":"https:\/\/www.europesays.com\/fr\/wp-json\/wp\/v2\/comments?post=645332"}],"version-history":[{"count":0,"href":"https:\/\/www.europesays.com\/fr\/wp-json\/wp\/v2\/posts\/645332\/revisions"}],"wp:featuredmedia":[{"embeddable":true,"href":"https:\/\/www.europesays.com\/fr\/wp-json\/wp\/v2\/media\/373637"}],"wp:attachment":[{"href":"https:\/\/www.europesays.com\/fr\/wp-json\/wp\/v2\/media?parent=645332"}],"wp:term":[{"taxonomy":"category","embeddable":true,"href":"https:\/\/www.europesays.com\/fr\/wp-json\/wp\/v2\/categories?post=645332"},{"taxonomy":"post_tag","embeddable":true,"href":"https:\/\/www.europesays.com\/fr\/wp-json\/wp\/v2\/tags?post=645332"}],"curies":[{"name":"wp","href":"https:\/\/api.w.org\/{rel}","templated":true}]}}