{"id":645333,"date":"2026-01-06T18:30:13","date_gmt":"2026-01-06T18:30:13","guid":{"rendered":"https:\/\/www.europesays.com\/fr\/645333\/"},"modified":"2026-01-06T18:30:13","modified_gmt":"2026-01-06T18:30:13","slug":"ca-fait-deux-jours-quon-bosse-dans-ces-conditions-le-coup-de-gueule-dun-salarie-du-btp-a-toulouse-qui-travaille-dehors-par-7-c","status":"publish","type":"post","link":"https:\/\/www.europesays.com\/fr\/645333\/","title":{"rendered":"\u00ab\u00a0\u00c7a fait deux jours qu\u2019on bosse dans ces conditions\u00a0\u00bb, le coup de gueule d\u2019un salari\u00e9 du BTP \u00e0 Toulouse qui travaille dehors par \u2013 7\u00a0\u00b0C"},"content":{"rendered":"<p>\n                                                                    l&rsquo;essentiel<br \/>\n                                                                Plusieurs salari\u00e9s d\u2019une entreprise de bardage travaillent, depuis deux jours, \u00e0 l\u2019ext\u00e9rieur d\u2019un b\u00e2timent en construction dans le quartier des Pradettes \u00e0 Toulouse. L\u2019un d\u2019entre eux d\u00e9nonce des \u00ab\u00a0conditions inacceptables avec un tel froid\u00a0\u00bb.\n                            <\/p>\n<p>Des robinets de toilettes gel\u00e9s, une salle de repos avec un seul radiateur d\u2019appoint, \u00e0 l\u2019ext\u00e9rieur d\u2019une r\u00e9sidence en construction dans le quartier des Pradettes \u00e0 Toulouse une brouette qui sert de brasero, un petit coin de r\u00e9confort par moins 7 degr\u00e9s Celsius, le seul dont disposent actuellement plusieurs salari\u00e9s d\u2019une entreprise de bardage.<\/p>\n<p>\u00ab\u00a0Ce n\u2019est pas humain\u2026\u00a0\u00bb<\/p>\n<p>\u00ab\u00a0On travaille dans des conditions qui ne sont pas humaines, explique l\u2019un des employ\u00e9s qui s\u2019exprime anonymement. On a les toilettes qui sont bouch\u00e9es \u00e0 cause du gel, on n\u2019a pas d\u2019eau. Quand on va dans la salle pr\u00e9fabriqu\u00e9e pour la pause, il y a un petit radiateur qui ne chauffe pas, il n\u2019est pas assez puissant. On est l\u00e0 provisoirement. On est oblig\u00e9s de faire du feu dehors pour se r\u00e9chauffer.\u00a0\u00bb<\/p>\n<p>\u00ab\u00a0On ne peut pas se r\u00e9chauffer, m\u00eame un quart d\u2019heure\u00a0\u00bb<\/p>\n<p>Malgr\u00e9 ses rappels aupr\u00e8s de ses sup\u00e9rieurs, le salari\u00e9 ne voit rien venir, mais les temp\u00e9ratures n\u00e9gatives sont bien r\u00e9elles. \u00ab\u00a0J\u2019ai pr\u00e9venu mon responsable qui a pr\u00e9vu le coordinateur du chantier, mais rien n\u2019est fait. On manque aussi d\u2019\u00e9lectricit\u00e9, on est oblig\u00e9 d\u2019amener une rallonge. On a du mal \u00e0 travailler avec le froid, pour les mains aussi c\u2019est dur. Sur moi, j\u2019ai deux blousons, une polaire, un tee-shirt, un sweat, malgr\u00e9 cela je n\u2019arrive pas \u00e0 me r\u00e9chauffer toute la journ\u00e9e, ne serait-ce qu\u2019un quart d\u2019heure.\u00a0\u00bb<\/p>\n<p>Une l\u00e9gislation en vigueur pour le BTP<\/p>\n<p>Une l\u00e9gislation est pourtant en vigueur pour les travailleurs du BTP qui exercent par grand froid.\u00a0Selon l\u2019article R. 4223-15 du Code du travail, l\u2019employeur doit prendre \u00ab\u00a0toutes dispositions n\u00e9cessaires\u00a0\u00bb pour prot\u00e9ger les travailleurs contre le froid et les intemp\u00e9ries. Cela inclut l\u2019\u00e9valuation des risques, l\u2019am\u00e9nagement des postes et l\u2019organisation du travail avec, notamment, des pauses plus fr\u00e9quentes.\u00a0Si un salari\u00e9 estime que ses conditions de travail pr\u00e9sentent \u00ab\u00a0un danger grave et imminent\u00a0pour sa vie ou sa sant\u00e9 (risque d\u2019hypothermie, chute li\u00e9e au verglas sans protection ad\u00e9quate,\u00a0etc.), il peut exercer son droit de retrait.<\/p>\n","protected":false},"excerpt":{"rendered":"l&rsquo;essentiel Plusieurs salari\u00e9s d\u2019une entreprise de bardage travaillent, depuis deux jours, \u00e0 l\u2019ext\u00e9rieur d\u2019un b\u00e2timent en construction dans&hellip;\n","protected":false},"author":2,"featured_media":645334,"comment_status":"","ping_status":"","sticky":false,"template":"","format":"standard","meta":{"footnotes":""},"categories":[2816],"tags":[1111,11,1771,33,1777,674,1011,27,2722,12,2680,25,2312],"class_list":{"0":"post-645333","1":"post","2":"type-post","3":"status-publish","4":"format-standard","5":"has-post-thumbnail","7":"category-toulouse","8":"tag-actu","9":"tag-actualites","10":"tag-btp","11":"tag-economie","12":"tag-eu","13":"tag-europe","14":"tag-fr","15":"tag-france","16":"tag-haute-garonne","17":"tag-news","18":"tag-occitanie","19":"tag-republique-francaise","20":"tag-toulouse"},"share_on_mastodon":{"url":"https:\/\/pubeurope.com\/@fr\/115849581338565259","error":""},"_links":{"self":[{"href":"https:\/\/www.europesays.com\/fr\/wp-json\/wp\/v2\/posts\/645333","targetHints":{"allow":["GET"]}}],"collection":[{"href":"https:\/\/www.europesays.com\/fr\/wp-json\/wp\/v2\/posts"}],"about":[{"href":"https:\/\/www.europesays.com\/fr\/wp-json\/wp\/v2\/types\/post"}],"author":[{"embeddable":true,"href":"https:\/\/www.europesays.com\/fr\/wp-json\/wp\/v2\/users\/2"}],"replies":[{"embeddable":true,"href":"https:\/\/www.europesays.com\/fr\/wp-json\/wp\/v2\/comments?post=645333"}],"version-history":[{"count":0,"href":"https:\/\/www.europesays.com\/fr\/wp-json\/wp\/v2\/posts\/645333\/revisions"}],"wp:featuredmedia":[{"embeddable":true,"href":"https:\/\/www.europesays.com\/fr\/wp-json\/wp\/v2\/media\/645334"}],"wp:attachment":[{"href":"https:\/\/www.europesays.com\/fr\/wp-json\/wp\/v2\/media?parent=645333"}],"wp:term":[{"taxonomy":"category","embeddable":true,"href":"https:\/\/www.europesays.com\/fr\/wp-json\/wp\/v2\/categories?post=645333"},{"taxonomy":"post_tag","embeddable":true,"href":"https:\/\/www.europesays.com\/fr\/wp-json\/wp\/v2\/tags?post=645333"}],"curies":[{"name":"wp","href":"https:\/\/api.w.org\/{rel}","templated":true}]}}