{"id":645344,"date":"2026-01-06T18:36:12","date_gmt":"2026-01-06T18:36:12","guid":{"rendered":"https:\/\/www.europesays.com\/fr\/645344\/"},"modified":"2026-01-06T18:36:12","modified_gmt":"2026-01-06T18:36:12","slug":"frequentation-record-pour-le-musee-des-beaux-arts","status":"publish","type":"post","link":"https:\/\/www.europesays.com\/fr\/645344\/","title":{"rendered":"fr\u00e9quentation record pour le Mus\u00e9e des Beaux-Arts"},"content":{"rendered":"<p>                            <img loading=\"lazy\" width=\"1013\" height=\"675\" class=\"attachment-article size-article wp-post-image lazyload\" alt=\"Entr\u00e9e du Mus\u00e9e des Beaux-Arts de Lyon\" decoding=\"async\" src=\"https:\/\/www.europesays.com\/fr\/wp-content\/uploads\/2025\/07\/Entree-du-musee-des-Beaux-arts-Romane-Thevenot-2-scaled.jpg\" data-eio-rwidth=\"1013\" data-eio-rheight=\"675\"\/><\/p>\n<p>Entr\u00e9e du Mus\u00e9e des Beaux-Arts de Lyon \u00a9 Romane Thevenot<\/p>\n<p class=\"content\" style=\"font-size:1.2em;font-weight:700\">En 2025, le mus\u00e9e des Beaux-Arts de Lyon aura accueilli 375 000 visiteurs, soit 15% de plus qu&rsquo;en 2024. <\/p>\n<p>Fr\u00e9quentation record pour le Mus\u00e9e des Beaux-Arts de Lyon. Ce mardi 6 janvier, l&rsquo;\u00e9tablissement culturel situ\u00e9 sur la place des Terreaux a d\u00e9voil\u00e9 son bilan pour l&rsquo;ann\u00e9e 2025. Cette ann\u00e9e, le mus\u00e9e aura accueilli 375 000 visiteurs, soit 15% de plus qu&rsquo;en 2024. Parmi ces visiteurs, 28% avaient moins de 26 ans, tandis que 21% venaient de l&rsquo;international. <\/p>\n<p>\u00ab\u00a0Cette fr\u00e9quentation record confirme l\u2019int\u00e9r\u00eat du public pour les expositions programm\u00e9es et la richesse des collections permanentes du mus\u00e9e\u00a0\u00bb, se r\u00e9jouit la direction du mus\u00e9e lyonnais. Parmi les temps forts de l&rsquo;ann\u00e9e 2025 : les hommages rendus aux artistes Fred Deux, Simon Hanta\u00ef et Fran\u00e7ois Rouan, ou encore, les concerts nocturnes et les journ\u00e9es th\u00e9matiques organis\u00e9es au sein de l&rsquo;\u00e9tablissement. <\/p>\n<p>Programmation 2026<\/p>\n<p>En 2026, le mus\u00e9e pr\u00e9sentera l&rsquo;exposition de Courbet, Matisse et Monet \u00ab\u00a0Etretat par-del\u00e0 des falaises\u00a0\u00bb jusqu&rsquo;au 1er mars. Les Beaux-Arts accueilleront ensuite l\u2019exposition\u00a0Mus\u00e9e sentimental\u00a0en partenariat avec le Centre Pompidou du 11 septembre au 14 mars 2027. <\/p>\n<p><strong>Lire aussi : <\/strong><a href=\"https:\/\/www.lyoncapitale.fr\/culture\/le-musee-des-beaux-arts-de-lyon-classe-5eme-musee-de-france\" target=\"_blank\" rel=\"noopener\">Le Mus\u00e9e des Beaux Arts de Lyon class\u00e9 5\u00e8me mus\u00e9e de France<\/a><\/p>\n","protected":false},"excerpt":{"rendered":"Entr\u00e9e du Mus\u00e9e des Beaux-Arts de Lyon \u00a9 Romane Thevenot En 2025, le mus\u00e9e des Beaux-Arts de Lyon&hellip;\n","protected":false},"author":2,"featured_media":219993,"comment_status":"","ping_status":"","sticky":false,"template":"","format":"standard","meta":{"footnotes":""},"categories":[1889],"tags":[1111,11,2430,1777,674,1011,27,2428,12,25],"class_list":{"0":"post-645344","1":"post","2":"type-post","3":"status-publish","4":"format-standard","5":"has-post-thumbnail","7":"category-lyon","8":"tag-actu","9":"tag-actualites","10":"tag-auvergne-rhone-alpes","11":"tag-eu","12":"tag-europe","13":"tag-fr","14":"tag-france","15":"tag-lyon","16":"tag-news","17":"tag-republique-francaise"},"share_on_mastodon":{"url":"https:\/\/pubeurope.com\/@fr\/115849604831256194","error":""},"_links":{"self":[{"href":"https:\/\/www.europesays.com\/fr\/wp-json\/wp\/v2\/posts\/645344","targetHints":{"allow":["GET"]}}],"collection":[{"href":"https:\/\/www.europesays.com\/fr\/wp-json\/wp\/v2\/posts"}],"about":[{"href":"https:\/\/www.europesays.com\/fr\/wp-json\/wp\/v2\/types\/post"}],"author":[{"embeddable":true,"href":"https:\/\/www.europesays.com\/fr\/wp-json\/wp\/v2\/users\/2"}],"replies":[{"embeddable":true,"href":"https:\/\/www.europesays.com\/fr\/wp-json\/wp\/v2\/comments?post=645344"}],"version-history":[{"count":0,"href":"https:\/\/www.europesays.com\/fr\/wp-json\/wp\/v2\/posts\/645344\/revisions"}],"wp:featuredmedia":[{"embeddable":true,"href":"https:\/\/www.europesays.com\/fr\/wp-json\/wp\/v2\/media\/219993"}],"wp:attachment":[{"href":"https:\/\/www.europesays.com\/fr\/wp-json\/wp\/v2\/media?parent=645344"}],"wp:term":[{"taxonomy":"category","embeddable":true,"href":"https:\/\/www.europesays.com\/fr\/wp-json\/wp\/v2\/categories?post=645344"},{"taxonomy":"post_tag","embeddable":true,"href":"https:\/\/www.europesays.com\/fr\/wp-json\/wp\/v2\/tags?post=645344"}],"curies":[{"name":"wp","href":"https:\/\/api.w.org\/{rel}","templated":true}]}}