{"id":645347,"date":"2026-01-06T18:39:10","date_gmt":"2026-01-06T18:39:10","guid":{"rendered":"https:\/\/www.europesays.com\/fr\/645347\/"},"modified":"2026-01-06T18:39:10","modified_gmt":"2026-01-06T18:39:10","slug":"a-paris-un-homme-juge-pour-detention-dimages-pedopornographiques","status":"publish","type":"post","link":"https:\/\/www.europesays.com\/fr\/645347\/","title":{"rendered":"\u00e0 Paris, un homme jug\u00e9 pour d\u00e9tention d&rsquo;images p\u00e9dopornographiques"},"content":{"rendered":"<p>                    Par<br \/>\n        <strong><br \/>\n            <a href=\"https:\/\/actu.fr\/auteur\/antoine-blanchet\" title=\"Consulter tous les articles de Antoine Blanchet\" target=\"_blank\" rel=\"noopener\">Antoine Blanchet<\/a><br \/>\n                    <\/strong><\/p>\n<p>        Publi\u00e9 le<\/p>\n<p>            6 janv. 2026 \u00e0 18h04        <\/p>\n<p>C\u00f4t\u00e9 pile, Carlos G., un ancien stewart de 38 ans sans histoires. C\u00f4t\u00e9 face, un adepte du darknet attir\u00e9 par les<strong> images p\u00e9dopornographiques<\/strong> les plus insoutenables. Entre\u00a02021 et\u00a02022, le pr\u00e9venu jug\u00e9 ce lundi 5\u00a0janvier 2026 devant le tribunal correctionnel de <a href=\"https:\/\/actu.fr\/paris\/\" target=\"_blank\" rel=\"noopener\">Paris<\/a> a consult\u00e9 des clich\u00e9s sur lesquels des enfants de quelques mois \u00e9taient victimes de <a href=\"https:\/\/actu.fr\/tag\/violences-sexuelles\" target=\"_blank\" rel=\"noopener\">viols et d\u2019agressions sexuelles<\/a>.<\/p>\n<p>\u00ab\u2009C\u2019\u00e9tait une p\u00e9riode sombre\u2009\u00bb<\/p>\n<p class=\" wall-content\">Si les visionnages se sont stopp\u00e9s en 2022, un signalement du FBI a permis aux autorit\u00e9s de retrouver le pr\u00e9venu et de l\u2019interpeller durant l\u2019\u00e9t\u00e9 2025. Le voici donc face aux juges, tentant de justifier les raisons de ces visionnages sordides. \u00ab\u2009C\u2019\u00e9tait une p\u00e9riode sombre, qui est derri\u00e8re moi\u2009\u00bb, bafouille le trentenaire. Il \u00e9voque une <strong>absence de vie intime<\/strong> avec son conjoint comme catalyseur de ses pulsions p\u00e9dophiles. Aujourd\u2019hui, Carlos G. l\u2019assure, ses penchants ill\u00e9gaux ont pris fin avec le retour des \u00e9treintes conjugales. Aujourd\u2019hui, il est suivi par un psychoth\u00e9rapeute et a une bonne situation professionnelle.<\/p>\n<p>\u00ab\u2009Un mineur, il ne peut pas consentir\u2009\u00bb<\/p>\n<p class=\" wall-content\">Ces raisons semblent un peu l\u00e9g\u00e8res pour le pr\u00e9sident, qui relit l\u2019ensemble des messages gla\u00e7ants post\u00e9s par l\u2019int\u00e9ress\u00e9 sur une <strong>messagerie crypt\u00e9e<\/strong> connue pour les \u00e9changes de contenus frauduleux. \u00ab\u2009J\u2019adore le viol et la reproduction. Je regarde du porno extr\u00eame avec des b\u00e9b\u00e9s et jeunes adultes\u2009\u00bb, d\u00e9clare-t-il \u00e0 son interlocuteur. \u00ab\u2009Parfait. C\u2019est g\u00e9nial\u2009\u00bb, s\u2019enthousiasme-t-il apr\u00e8s avoir re\u00e7u les photos.<\/p>\n<p class=\" wall-content\">\u00ab\u2009Vous ne dites pas juste oui. Vous r\u00e9pondez des choses pr\u00e9cises et violentes\u2009\u00bb, analyse le magistrat.<\/p>\n<p class=\" wall-content\">\u00ab\u2009D\u2019accord oui\u2009\u00bb, bafouille le pr\u00e9venu.<\/p>\n<p class=\" wall-content\">S\u2019ensuit alors un sermon du juge au trentenaire sur les cons\u00e9quences de ces images immondes.<\/p>\n<p class=\" wall-content\">\u00ab\u2009C\u2019est quoi la mati\u00e8re premi\u00e8re de ces photos\u2009? Qu\u2019est-ce qu\u2019on leur fait\u2009?\u2009\u00bb, lance le juge.<\/p>\n<p>Votre r\u00e9gion, votre actu !<\/p>\n<p>Recevez chaque jour les infos qui comptent pour vous.<\/p>\n<p>\t<a href=\"https:\/\/actu.fr\/newsletter\" class=\"ac-btn ac-btn--corner ac-btn--medium ac-btn--blue800\" target=\"_blank\" rel=\"noopener\">S&rsquo;incrire<\/a><\/p>\n<p class=\" wall-content\">\u00ab\u2009Des choses pas l\u00e9gales\u2009\u00bb, reconna\u00eet Carlos G. dans un rire g\u00ean\u00e9.<\/p>\n<p class=\" wall-content\">\u00ab\u2009En fait un mineur, il ne peut pas consentir. C\u2019est ce que j\u2019aurais aim\u00e9 que vous me disiez. Peut-\u00eatre un jour, on reconna\u00eetra le visionnage comme complicit\u00e9 de viol. Vous entendez \u00e7a\u2009?\u2009\u00bb, lui r\u00e9torque le pr\u00e9sident p\u00e9dagogue. \u00ab\u2009Selon une \u00e9tude canadienne, 35\u2009% des enfants abus\u00e9s sont reconnus tout au long de leur vie alors m\u00eame qu\u2019ils sont adultes\u2009\u00bb, poursuit-il.<\/p>\n<p>Trois ans de prison requis<\/p>\n<p class=\" wall-content\">La procureure n\u2019est pas non plus convaincue des justifications du pr\u00e9venu. \u00ab\u2009Ce qu\u2019on pourrait attendre d\u2019un homme qui est dans l\u2019abandon et la tristesse dans son couple, c\u2019est \u00e0 la limite de l\u2019infid\u00e9lit\u00e9. Monsieur G. il a choisi autre chose. Il a choisi de d\u00e9tenir des images d\u2019un mineur\u2009\u00bb, d\u00e9clare la magistrate. Selon elle, le pr\u00e9venu minimise. \u00ab\u2009Ce qui m\u2019inqui\u00e8te, c\u2019est cette absence de r\u00e9flexion. Il n\u2019arrive pas \u00e0 dire que ce qu\u2019il y a sur ces images, ce sont des viols\u2009\u00bb, poursuit la repr\u00e9sentante du minist\u00e8re public. Elle demande<strong> trois ans de prison avec sursis probatoire de deux ans<\/strong>.<\/p>\n<p class=\" wall-content\">\u00c0 la d\u00e9fense, on tente d\u2019adoucir le glaive judiciaire. Le coeur de la plaidoirie\u2009: les dates. \u00ab\u2009Les visionnages s\u2019arr\u00eatent en 2022. On vient le chercher trois ans apr\u00e8s. On exploite son ordinateur et il n\u2019y a plus rien. Ce qui me fait dire avec une certitude absolue qu\u2019il s\u2019est arr\u00eat\u00e9 tout seul\u2009\u00bb, affirme l\u2019avocate du pr\u00e9venu. Le casier judiciaire vierge et la situation professionnelle de Carlos G. sont aussi brandis par la p\u00e9naliste. La strat\u00e9gie paie. Le tribunal condamne le trentenaire \u00e0 18 mois de prison avec sursis probatoire de deux ans. Le pr\u00e9venu devra suivre des soins psychologiques et travailler pour ne pas finir en d\u00e9tention. Il est aussi interdit d\u2019exercer une activit\u00e9 avec des mineurs pendant 10 ans.<\/p>\n<p class=\" wall-content\">Personnalisez votre actualit\u00e9 en ajoutant vos villes et m\u00e9dias en favori avec <a href=\"https:\/\/moncompte.actu.fr\" title=\"D\u00e9couvez Mon Actu\" rel=\"nofollow noopener\" data-trk=\"{&quot;cta&quot;:{&quot;action&quot;:&quot;https:\\\/\\\/moncompte.actu.fr&quot;,&quot;category&quot;:&quot;mon compte&quot;,&quot;from&quot;:&quot;article footer&quot;,&quot;name&quot;:&quot;Mon actu&quot;,&quot;type&quot;:&quot;cta&quot;}}\" target=\"_blank\">Mon Actu<\/a>.<\/p>\n","protected":false},"excerpt":{"rendered":"Par Antoine Blanchet Publi\u00e9 le 6 janv. 2026 \u00e0 18h04 C\u00f4t\u00e9 pile, Carlos G., un ancien stewart de&hellip;\n","protected":false},"author":2,"featured_media":645348,"comment_status":"","ping_status":"","sticky":false,"template":"","format":"standard","meta":{"footnotes":""},"categories":[1888],"tags":[1111,1928,11,1927,1777,674,118,1011,27,303,12,1926,626,1925,2694,25],"class_list":{"0":"post-645347","1":"post","2":"type-post","3":"status-publish","4":"format-standard","5":"has-post-thumbnail","7":"category-paris","8":"tag-actu","9":"tag-actu-paris","10":"tag-actualites","11":"tag-actualites-paris","12":"tag-eu","13":"tag-europe","14":"tag-faits-divers","15":"tag-fr","16":"tag-france","17":"tag-justice","18":"tag-news","19":"tag-news-paris","20":"tag-paris","21":"tag-paris-news","22":"tag-proces","23":"tag-republique-francaise"},"share_on_mastodon":{"url":"https:\/\/pubeurope.com\/@fr\/115849616654656436","error":""},"_links":{"self":[{"href":"https:\/\/www.europesays.com\/fr\/wp-json\/wp\/v2\/posts\/645347","targetHints":{"allow":["GET"]}}],"collection":[{"href":"https:\/\/www.europesays.com\/fr\/wp-json\/wp\/v2\/posts"}],"about":[{"href":"https:\/\/www.europesays.com\/fr\/wp-json\/wp\/v2\/types\/post"}],"author":[{"embeddable":true,"href":"https:\/\/www.europesays.com\/fr\/wp-json\/wp\/v2\/users\/2"}],"replies":[{"embeddable":true,"href":"https:\/\/www.europesays.com\/fr\/wp-json\/wp\/v2\/comments?post=645347"}],"version-history":[{"count":0,"href":"https:\/\/www.europesays.com\/fr\/wp-json\/wp\/v2\/posts\/645347\/revisions"}],"wp:featuredmedia":[{"embeddable":true,"href":"https:\/\/www.europesays.com\/fr\/wp-json\/wp\/v2\/media\/645348"}],"wp:attachment":[{"href":"https:\/\/www.europesays.com\/fr\/wp-json\/wp\/v2\/media?parent=645347"}],"wp:term":[{"taxonomy":"category","embeddable":true,"href":"https:\/\/www.europesays.com\/fr\/wp-json\/wp\/v2\/categories?post=645347"},{"taxonomy":"post_tag","embeddable":true,"href":"https:\/\/www.europesays.com\/fr\/wp-json\/wp\/v2\/tags?post=645347"}],"curies":[{"name":"wp","href":"https:\/\/api.w.org\/{rel}","templated":true}]}}