{"id":645353,"date":"2026-01-06T18:42:12","date_gmt":"2026-01-06T18:42:12","guid":{"rendered":"https:\/\/www.europesays.com\/fr\/645353\/"},"modified":"2026-01-06T18:42:12","modified_gmt":"2026-01-06T18:42:12","slug":"paris-une-bataille-de-boules-de-neige-degenere-un-adolescent-poignarde","status":"publish","type":"post","link":"https:\/\/www.europesays.com\/fr\/645353\/","title":{"rendered":"Paris : une bataille de boules de neige d\u00e9g\u00e9n\u00e8re, un adolescent poignard\u00e9"},"content":{"rendered":"<p>                                            Faits divers\n                                                                            <\/p>\n<p>\n                                            Dans la soir\u00e9e du lundi 5 janvier, un homme aurait poignard\u00e9 un adolescent dans le 12\u1d49 arrondissement de Paris, apr\u00e8s s\u2019\u00eatre senti vex\u00e9 \u00e0 la suite d\u2019une bataille de boules de neige.                                        <\/p>\n<p>                                                Publi\u00e9 le 6 janvier 2026 \u00e0 18h24                                                                                            <\/p>\n<p>                                            <img loading=\"lazy\" width=\"1024\" height=\"683\" src=\"https:\/\/www.europesays.com\/fr\/wp-content\/uploads\/2026\/01\/SIPA_01246673_000006-1.jpg\" class=\"attachment-post-thumbnail size-post-thumbnail wp-post-image\" alt=\"\u00c0 Paris, une altercation apr\u00e8s une bataille de boules de neige tourne \u00e0 l\u2019agression au couteau. Syspeo\/SIPA\" decoding=\"async\"  \/><\/p>\n<p>                                            \u00c0 Paris, une altercation apr\u00e8s une bataille de boules de neige tourne \u00e0 l\u2019agression au couteau. Syspeo\/SIPA<\/p>\n<p>En d\u00e9but de soir\u00e9e du lundi 5 janvier, en d\u00e9but de soir\u00e9e, une bataille de boules de neige a d\u00e9g\u00e9n\u00e9r\u00e9 place de la Nation, dans le XIIe arrondissement de Paris. Selon des informations rapport\u00e9es par nos confr\u00e8res d\u2019<a href=\"https:\/\/www.europe1.fr\/faits-divers\/paris-vexe-apres-une-bataille-de-boules-de-neige-il-porte-des-coups-de-couteau-a-un-adolescent-avant-detre-interpelle-877632\" target=\"_blank\" rel=\"nofollow noopener\">Europe 1 <\/a>qui l\u2019ont appris de source polici\u00e8re, un homme s\u2019est dit vex\u00e9 apr\u00e8s avoir re\u00e7u de la neige ; il aurait alors <a href=\"https:\/\/www.valeursactuelles.com\/faits-divers\/info-va-paris-un-influenceur-russe-victime-dun-home-jacking-sous-la-menace-dun-couteau\" target=\"_blank\" rel=\"noopener\">sorti un couteau <\/a>et port\u00e9 plusieurs coups \u00e0 un adolescent. Apr\u00e8s l\u2019interpellation de l\u2019individu sur place, les forces de l\u2019ordre ont retrouv\u00e9 <a href=\"https:\/\/www.valeursactuelles.com\/societe\/agressions-au-couteau-en-hausse-chez-les-jeunes-un-fleau-qui-progresse\" target=\"_blank\" rel=\"noopener\">une arme blanche<\/a> tach\u00e9 de sang \u00e0 la sortie du m\u00e9tro Montgallet, dans les environs du lieu de l\u2019agression.<br \/>Au moment o\u00f9 les policiers l\u2019ont trouv\u00e9, le mineur pr\u00e9sentait plusieurs blessures au niveau du dos et de la tempe, son pronostic vital n\u2019est pas engag\u00e9.<\/p>\n<p><a href=\"https:\/\/www.valeursactuelles.com\/faits-divers\/attaque-au-couteau-dans-le-metro-a-paris-le-suspect-dorigine-malienne-avait-obtenu-la-nationalite-francaise-en-2018\" class=\"h-flex h-align-items-center h-border-tb h-ptb-15\" target=\"_blank\" rel=\"noopener\">A\u00a0LIRE\u00a0Attaque au couteau dans le m\u00e9tro \u00e0 Paris : le suspect, d\u2019origine malienne, avait obtenu la nationalit\u00e9 fran\u00e7aise en 2018<\/a>Un d\u00e9c\u00e8s apr\u00e8s une bataille de neige fait un mort aux Pays-Bas<\/p>\n<p>Dans une affaire aux circonstances proches, un homme de 60 ans est d\u00e9c\u00e9d\u00e9 le lundi 5 janvier \u00e0 Schiedam, aux Pays-Bas, rapporte le m\u00e9dia <a href=\"https:\/\/www.sudinfo.be\/id1090713\/article\/2026-01-05\/une-bataille-de-boules-de-neige-aurait-vire-au-drame-un-mort-nous-allions-au\" target=\"_blank\" rel=\"nofollow noopener\">AD.nl<\/a>. Les circonstances \u00ab exactes restent floues \u00bb mais selon les premiers \u00e9l\u00e9ments de l\u2019enqu\u00eate, deux jeunes hommes de 18 et 19 ans ont \u00e9t\u00e9 interpell\u00e9s apr\u00e8s une altercation qui aurait d\u00e9g\u00e9n\u00e9r\u00e9. Des t\u00e9moins sur place ont affirm\u00e9 aupr\u00e8s de la police que l\u2019incident serait li\u00e9 \u00e0 une bataille de boules de neige. Les investigations sont toujours en cours pour d\u00e9terminer le d\u00e9roulement exact des faits.<\/p>\n","protected":false},"excerpt":{"rendered":"Faits divers Dans la soir\u00e9e du lundi 5 janvier, un homme aurait poignard\u00e9 un adolescent dans le 12\u1d49&hellip;\n","protected":false},"author":2,"featured_media":645354,"comment_status":"","ping_status":"","sticky":false,"template":"","format":"standard","meta":{"footnotes":""},"categories":[1888],"tags":[11,1084,1120,7065,3916,1777,674,1011,27,10584,12,626,25],"class_list":{"0":"post-645353","1":"post","2":"type-post","3":"status-publish","4":"format-standard","5":"has-post-thumbnail","7":"category-paris","8":"tag-actualites","9":"tag-adolescent","10":"tag-agression","11":"tag-agression-au-couteau","12":"tag-blesse","13":"tag-eu","14":"tag-europe","15":"tag-fr","16":"tag-france","17":"tag-neige","18":"tag-news","19":"tag-paris","20":"tag-republique-francaise"},"share_on_mastodon":{"url":"https:\/\/pubeurope.com\/@fr\/115849628667922667","error":""},"_links":{"self":[{"href":"https:\/\/www.europesays.com\/fr\/wp-json\/wp\/v2\/posts\/645353","targetHints":{"allow":["GET"]}}],"collection":[{"href":"https:\/\/www.europesays.com\/fr\/wp-json\/wp\/v2\/posts"}],"about":[{"href":"https:\/\/www.europesays.com\/fr\/wp-json\/wp\/v2\/types\/post"}],"author":[{"embeddable":true,"href":"https:\/\/www.europesays.com\/fr\/wp-json\/wp\/v2\/users\/2"}],"replies":[{"embeddable":true,"href":"https:\/\/www.europesays.com\/fr\/wp-json\/wp\/v2\/comments?post=645353"}],"version-history":[{"count":0,"href":"https:\/\/www.europesays.com\/fr\/wp-json\/wp\/v2\/posts\/645353\/revisions"}],"wp:featuredmedia":[{"embeddable":true,"href":"https:\/\/www.europesays.com\/fr\/wp-json\/wp\/v2\/media\/645354"}],"wp:attachment":[{"href":"https:\/\/www.europesays.com\/fr\/wp-json\/wp\/v2\/media?parent=645353"}],"wp:term":[{"taxonomy":"category","embeddable":true,"href":"https:\/\/www.europesays.com\/fr\/wp-json\/wp\/v2\/categories?post=645353"},{"taxonomy":"post_tag","embeddable":true,"href":"https:\/\/www.europesays.com\/fr\/wp-json\/wp\/v2\/tags?post=645353"}],"curies":[{"name":"wp","href":"https:\/\/api.w.org\/{rel}","templated":true}]}}