{"id":645357,"date":"2026-01-06T18:44:11","date_gmt":"2026-01-06T18:44:11","guid":{"rendered":"https:\/\/www.europesays.com\/fr\/645357\/"},"modified":"2026-01-06T18:44:11","modified_gmt":"2026-01-06T18:44:11","slug":"la-coalition-des-volontaires-suspendue-a-un-cessez-le-feu","status":"publish","type":"post","link":"https:\/\/www.europesays.com\/fr\/645357\/","title":{"rendered":"la \u00ab\u00a0coalition des volontaires\u00a0\u00bb suspendue \u00e0 un cessez-le-feu"},"content":{"rendered":"<p>\n    <strong>D\u00c9CRYPTAGE &#8211;<\/strong> Les dirigeants de 35\u00a0pays alli\u00e9s de Kiev \u00e9taient r\u00e9unis mardi \u00e0 Paris, dont des \u00e9missaires am\u00e9ricains, pour discuter des garanties de s\u00e9curit\u00e9 pour l\u2019Ukraine.<\/p>\n<p class=\"fig-paragraph\">Depuis qu\u2019elle a \u00e9t\u00e9 lanc\u00e9e par Emmanuel Macron en f\u00e9vrier 2025 pour soutenir l\u2019Ukraine, la \u00ab\u00a0coalition des volontaires\u00a0\u00bb s\u2019est \u00e9toff\u00e9e. La derni\u00e8re r\u00e9union qui\u00a0<a href=\"http:\/\/www.lefigaro.fr\/international\/guerre-en-ukraine-europeens-americains-et-ukrainiens-vont-afficher-mardi-a-paris-leur-convergence-sur-les-garanties-de-securite-20260105\" data-fig-type=\"NewsFlash\" data-gtm-custom-categorie=\"navigation\" data-gtm-custom-action=\"crossclick\" data-gtm-custom-label=\"Contextuel\" data-gtm-event=\"customEventSPE\" data-fig-domain=\"LEFIGARO\" target=\"_blank\" rel=\"noopener\">s\u2019est tenue \u00e0 Paris mardi<\/a>\u00a0a r\u00e9uni les responsables de 35\u00a0pays alli\u00e9s de Kiev, dont les \u00e9missaires am\u00e9ricains Steve Witkoff et Jared Kushner. Au menu, cinq sujets\u00a0: le cessez-le-feu, le soutien aux forces arm\u00e9es ukrainiennes, la force multinationale, l\u2019engagement am\u00e9ricain en cas de nouvelle attaque russe et la coop\u00e9ration de d\u00e9fense \u00e0 long terme avec Kiev. Et un objectif, r\u00e9sum\u00e9 par l\u2019\u00c9lys\u00e9e\u00a0: \u00ab\u00a0finaliser le travail de convergence sur les garanties de s\u00e9curit\u00e9 \u00e0 l\u2019Ukraine\u00a0\u00bb.<\/p>\n<p class=\"fig-paragraph\">Si tout le monde se f\u00e9licite de l\u2019ampleur prise en un an par le projet fran\u00e7ais, les participants savent aussi que la \u00ab\u00a0coalition des volontaires\u00a0\u00bb est un instrument en l\u00e9vitation, rendu bancal et fragile par l\u2019absence ou l\u2019ambigu\u00eft\u00e9 de ses deux piliers centraux. Le cessez-le-feu d\u2019abord, condition sine qua non pour qu\u2019elle se d\u00e9ploie. Apr\u00e8s\u2026<\/p>\n<p class=\"fig-premium-paywall__infos\">\n        Cet article est r\u00e9serv\u00e9 aux abonn\u00e9s.        Il vous reste 83% \u00e0 d\u00e9couvrir.\n    <\/p>\n<p>                <img  data- alt=\"Le Figaro\" class=\"fig-img--complete fig-img\"\/><\/p>\n<p class=\"fig-premium-paywall__title\">Vous avez envie de lire la suite ?<\/p>\n<p class=\"fig-premium-paywall__subtitle\">D\u00e9bloquez tous les articles imm\u00e9diatement.<\/p>\n<p class=\"fig-premium-paywall__connect\">\n                D\u00e9j\u00e0 abonn\u00e9\u00a0?                <a class=\"fig-premium-paywall__connect-link\" href=\"https:\/\/connect.lefigaro.fr\/login?client=horizon_web&amp;type=main&amp;redirect_uri=https%3A%2F%2Fwww.lefigaro.fr%2Finternational%2Fguerre-en-ukraine-la-coalition-des-volontaires-suspendue-a-un-cessez-le-feu-20260106\" data-js-gtm=\"{&quot;customCategorie&quot;: &quot;conversion&quot;, &quot;customAction&quot;: &quot;before_Landing_Connexion_paywall_auto&quot;, &quot;customLabel&quot;: &quot;bGVmaWdhcm8uZnJfXzFmMGViMTE0LWQ3NzktNjYyNC05MDE4LTc3MDYyMGZlNTAyMl9fQXJ0aWNsZQ==_Guerre en Ukraine\u00a0: la \u00ab\u00a0coalition des volontaires\u00a0\u00bb suspendue \u00e0 un cessez-le-feu_345&quot;, &quot;customIDSPE&quot;: &quot;bGVmaWdhcm8uZnJfXzFmMGViMTE0LWQ3NzktNjYyNC05MDE4LTc3MDYyMGZlNTAyMl9fQXJ0aWNsZQ==&quot;, &quot;event&quot;: &quot;customEventSPE&quot;}\" target=\"_blank\" rel=\"noopener\"><br \/>\n                    Connectez-vous<br \/>\n                <\/a>\n            <\/p>\n","protected":false},"excerpt":{"rendered":"D\u00c9CRYPTAGE &#8211; Les dirigeants de 35\u00a0pays alli\u00e9s de Kiev \u00e9taient r\u00e9unis mardi \u00e0 Paris, dont des \u00e9missaires am\u00e9ricains,&hellip;\n","protected":false},"author":2,"featured_media":645358,"comment_status":"","ping_status":"","sticky":false,"template":"","format":"standard","meta":{"footnotes":""},"categories":[1590],"tags":[11,1777,674,12,220],"class_list":{"0":"post-645357","1":"post","2":"type-post","3":"status-publish","4":"format-standard","5":"has-post-thumbnail","7":"category-ukraine","8":"tag-actualites","9":"tag-eu","10":"tag-europe","11":"tag-news","12":"tag-ukraine"},"share_on_mastodon":{"url":"https:\/\/pubeurope.com\/@fr\/115849636384390565","error":""},"_links":{"self":[{"href":"https:\/\/www.europesays.com\/fr\/wp-json\/wp\/v2\/posts\/645357","targetHints":{"allow":["GET"]}}],"collection":[{"href":"https:\/\/www.europesays.com\/fr\/wp-json\/wp\/v2\/posts"}],"about":[{"href":"https:\/\/www.europesays.com\/fr\/wp-json\/wp\/v2\/types\/post"}],"author":[{"embeddable":true,"href":"https:\/\/www.europesays.com\/fr\/wp-json\/wp\/v2\/users\/2"}],"replies":[{"embeddable":true,"href":"https:\/\/www.europesays.com\/fr\/wp-json\/wp\/v2\/comments?post=645357"}],"version-history":[{"count":0,"href":"https:\/\/www.europesays.com\/fr\/wp-json\/wp\/v2\/posts\/645357\/revisions"}],"wp:featuredmedia":[{"embeddable":true,"href":"https:\/\/www.europesays.com\/fr\/wp-json\/wp\/v2\/media\/645358"}],"wp:attachment":[{"href":"https:\/\/www.europesays.com\/fr\/wp-json\/wp\/v2\/media?parent=645357"}],"wp:term":[{"taxonomy":"category","embeddable":true,"href":"https:\/\/www.europesays.com\/fr\/wp-json\/wp\/v2\/categories?post=645357"},{"taxonomy":"post_tag","embeddable":true,"href":"https:\/\/www.europesays.com\/fr\/wp-json\/wp\/v2\/tags?post=645357"}],"curies":[{"name":"wp","href":"https:\/\/api.w.org\/{rel}","templated":true}]}}