{"id":645361,"date":"2026-01-06T18:46:39","date_gmt":"2026-01-06T18:46:39","guid":{"rendered":"https:\/\/www.europesays.com\/fr\/645361\/"},"modified":"2026-01-06T18:46:39","modified_gmt":"2026-01-06T18:46:39","slug":"marche-automobile-2025-entre-electrification-a-marche-forcee-et-presence-accrue-des-constructeurs-chinois-le-royaume-uni-repasse-la-barre-des-2-millions-dunites","status":"publish","type":"post","link":"https:\/\/www.europesays.com\/fr\/645361\/","title":{"rendered":"March\u00e9 automobile 2025 &#8211; Entre \u00e9lectrification \u00e0 marche forc\u00e9e et pr\u00e9sence accrue des constructeurs chinois, le Royaume-Uni repasse la barre des 2 millions d&rsquo;unit\u00e9s"},"content":{"rendered":"<p>\nIl existe des territoires o\u00f9 <strong>la croissance du march\u00e9 automobile<\/strong> est encore possible. Ce n&rsquo;est ni en France, ni en Belgique mais&#8230; <strong>au Royaume-Uni.<\/strong><\/p>\n<p>\nD&rsquo;apr\u00e8s les donn\u00e9es de la <a href=\"https:\/\/www.smmt.co.uk\/uk-new-car-market-breaches-two-million-as-almost-one-in-four-buyers-go-electric\/\" target=\"_blank\" rel=\"noopener\"><strong>Society of Motor Manufacturers and Traders<\/strong><\/a> (SMTT), ce sont\u00a0<strong>2 020 520<\/strong><strong>\u00a0v\u00e9hicules neufs<\/strong>\u00a0qui ont \u00e9t\u00e9 immatricul\u00e9s outre-Manche en 2025. En progression de 3,5 % par rapport \u00e0 l&rsquo;ann\u00e9e pr\u00e9c\u00e9dente <strong>le march\u00e9 automobile britannique <\/strong>a donc repass\u00e9 la barre symbolique des 2 millions d&rsquo;unit\u00e9s, un niveau similaire \u00e0 2012 mais jamais plus franchie depuis le Covid.\u00a0<\/p>\n<p>\n<img decoding=\"async\" alt=\"SMTT - Immatriculations VN au UK - 2009 \u00e0 2025\" src=\"data:image\/gif;base64,R0lGODdhAQABAPAAAMPDwwAAACwAAAAAAQABAAACAkQBADs=\" data-original=\"https:\/\/www.auto-infos.fr\/mediatheque\/9\/9\/9\/000297999_illustration_large.jpg\"\/><\/p>\n<p>Le v\u00e9hicule 100 % \u00e9lectrique de plus en plus privil\u00e9gi\u00e9 par les Britanniques\u00a0<\/p>\n<p>\nSi la motorisation essence contribue toujours \u00e0 hauteur de 46,4 % des mises \u00e0 la route, notons que <strong>les v\u00e9hicules 100 % \u00e9lectriques<\/strong> repr\u00e9sentent d\u00e9sormais pr\u00e8s d&rsquo;un quart des immatriculations.\u00a0<\/p>\n<p>\n\u00ab\u00a0<strong>Pr\u00e8s d&rsquo;un demi-million de nouveaux v\u00e9hicules \u00e9lectriques<\/strong> \u00e0 batterie [473 348 unit\u00e9s, ndlr] ont \u00e9t\u00e9 immatricul\u00e9s en 2025. Soit plus qu&rsquo;en 2021 et 2022 r\u00e9unis. Ce volume consid\u00e9rable &#8211; qui devrait <strong>placer le Royaume-Uni au deuxi\u00e8me rang des march\u00e9s europ\u00e9ens de v\u00e9hicules \u00e9lectriques<\/strong> en termes de volume &#8211; a vu la part de march\u00e9 des BEV progresser \u00e0 23,4 %, en forte hausse. Toutefois, avec <strong>un objectif r\u00e9glementaire de 28 %,<\/strong> l&rsquo;\u00e9cart entre la demande et les ambitions se creuse au lieu de se r\u00e9duire\u00a0\u00bb, commente la SMTT.\u00a0<\/p>\n<p>\n\u00a0<\/p>\n","protected":false},"excerpt":{"rendered":"Il existe des territoires o\u00f9 la croissance du march\u00e9 automobile est encore possible. Ce n&rsquo;est ni en France,&hellip;\n","protected":false},"author":2,"featured_media":645362,"comment_status":"","ping_status":"","sticky":false,"template":"","format":"standard","meta":{"footnotes":""},"categories":[1588],"tags":[11,1979,75133,75138,2105,1777,674,17495,75135,25589,65977,39476,75125,75130,75129,71468,75137,75132,75128,75131,71470,71467,75136,75134,55624,12,75139,473,1853,2188,75127,1851,1850,1852,75126],"class_list":{"0":"post-645361","1":"post","2":"type-post","3":"status-publish","4":"format-standard","5":"has-post-thumbnail","7":"category-royaume-uni","8":"tag-actualites","9":"tag-constructeurs","10":"tag-croissance-du-marche-automobile","11":"tag-croissance-du-marche-automobile-europeen","12":"tag-distribution","13":"tag-eu","14":"tag-europe","15":"tag-immatriculations","16":"tag-immatriculations-de-vehicules-neufs","17":"tag-marche-automobile","18":"tag-marche-britannique","19":"tag-marche-europeen","20":"tag-marche-automobile-britannique","21":"tag-marche-automobile-electrique","22":"tag-marche-automobile-europe","23":"tag-marche-automobile-europeen","24":"tag-marche-automobile-vehicules-electriques","25":"tag-marche-de-l-automobile-electrique","26":"tag-marche-de-l-electrique","27":"tag-marche-des-vehicules-electriques","28":"tag-marche-europe","29":"tag-marche-europeen-de-l-automobile","30":"tag-marche-europeen-du-vehicule-electrique","31":"tag-marche-vehicule-electrique-europe","32":"tag-marche-vn-vo","33":"tag-news","34":"tag-observatoires-stats","35":"tag-royaume-uni","36":"tag-royaume-uni-de-grande-bretagne-et-dirlande-du-nord","37":"tag-statistiques","38":"tag-statistiques-de-ventes","39":"tag-uk","40":"tag-united-kingdom","41":"tag-united-kingdom-of-great-britain-and-northern-ireland","42":"tag-zero-emission-angleterre"},"share_on_mastodon":{"url":"","error":"Validation failed: Text character limit of 500 exceeded"},"_links":{"self":[{"href":"https:\/\/www.europesays.com\/fr\/wp-json\/wp\/v2\/posts\/645361","targetHints":{"allow":["GET"]}}],"collection":[{"href":"https:\/\/www.europesays.com\/fr\/wp-json\/wp\/v2\/posts"}],"about":[{"href":"https:\/\/www.europesays.com\/fr\/wp-json\/wp\/v2\/types\/post"}],"author":[{"embeddable":true,"href":"https:\/\/www.europesays.com\/fr\/wp-json\/wp\/v2\/users\/2"}],"replies":[{"embeddable":true,"href":"https:\/\/www.europesays.com\/fr\/wp-json\/wp\/v2\/comments?post=645361"}],"version-history":[{"count":0,"href":"https:\/\/www.europesays.com\/fr\/wp-json\/wp\/v2\/posts\/645361\/revisions"}],"wp:featuredmedia":[{"embeddable":true,"href":"https:\/\/www.europesays.com\/fr\/wp-json\/wp\/v2\/media\/645362"}],"wp:attachment":[{"href":"https:\/\/www.europesays.com\/fr\/wp-json\/wp\/v2\/media?parent=645361"}],"wp:term":[{"taxonomy":"category","embeddable":true,"href":"https:\/\/www.europesays.com\/fr\/wp-json\/wp\/v2\/categories?post=645361"},{"taxonomy":"post_tag","embeddable":true,"href":"https:\/\/www.europesays.com\/fr\/wp-json\/wp\/v2\/tags?post=645361"}],"curies":[{"name":"wp","href":"https:\/\/api.w.org\/{rel}","templated":true}]}}