{"id":645363,"date":"2026-01-06T18:47:14","date_gmt":"2026-01-06T18:47:14","guid":{"rendered":"https:\/\/www.europesays.com\/fr\/645363\/"},"modified":"2026-01-06T18:47:14","modified_gmt":"2026-01-06T18:47:14","slug":"une-enquete-ouverte-pour-terrorisme-et-sabotage","status":"publish","type":"post","link":"https:\/\/www.europesays.com\/fr\/645363\/","title":{"rendered":"une enqu\u00eate ouverte\u00a0pour \u00ab\u00a0terrorisme\u00a0\u00bb et \u00ab\u00a0sabotage\u00a0\u00bb"},"content":{"rendered":"<p>Le parquet f\u00e9d\u00e9ral allemand, comp\u00e9tent pour l&rsquo;antiterrorisme, a annonc\u00e9 ce mardi se saisir de l&rsquo;enqu\u00eate sur <a href=\"https:\/\/www.ledauphine.com\/faits-divers-justice\/2026\/01\/03\/coupure-d-electricite-a-berlin-apres-un-incendie-de-cables-presume-criminel\" target=\"_blank\" rel=\"noopener\">la coupure d&rsquo;\u00e9lectricit\u00e9 massive <\/a>dans une partie de Berlin, en raison des \u00ab soup\u00e7ons d&rsquo;appartenance \u00e0 une organisation terroriste \u00bb et de \u00ab sabotage \u00bb.<\/p>\n<p>Survenu t\u00f4t samedi, un incendie de c\u00e2bles sur une installation \u00e9lectrique a \u00e9t\u00e9 revendiqu\u00e9 en ligne un groupe d&rsquo;extr\u00eame gauche baptis\u00e9 \u00ab\u00a0Vulkangruppe\u00a0\u00bb (Groupe Volcan) mais les autorit\u00e9s analysent encore l&rsquo;authenticit\u00e9 de cette revendication, en plein d\u00e9bat sur la r\u00e9silience des infrastructures allemandes face \u00e0 de r\u00e9centes attaques, derri\u00e8re lesquelles beaucoup voient la main de la Russie.\u00a0Le Groupe Volcan a d\u00e9j\u00e0 revendiqu\u00e9 un acte de sabotage dans une usine Tesla pr\u00e8s de Berlin en mars 2024, o\u00f9 des lignes \u00e9lectriques alimentant le site avaient \u00e9t\u00e9 incendi\u00e9es.<\/p>\n<p>M\u00eame rapidement ma\u00eetris\u00e9, l&rsquo;incendie de samedi, survenu sur un pont pr\u00e8s d&rsquo;une centrale \u00e9lectrique dans le sud-ouest de la ville, a laiss\u00e9\u00a0quelque 45 000 foyers et 2 200 locaux commerciaux sans \u00e9lectricit\u00e9, en plein \u00e9pisode neigeux persistant. Mais aussi, pour beaucoup d&rsquo;entre eux, sans eau chaude ni chauffage. Car la coupure affecte aussi le r\u00e9seau local de chauffage urbain \u2014 qui transporte la chaleur via un r\u00e9seau de canalisations \u2014 qui fonctionne \u00e0 l&rsquo;\u00e9lectricit\u00e9. Mardi \u00e0 la mi-journ\u00e9e, environ 25 000 foyers et 1 100 structures professionnelles \u00e9taient encore priv\u00e9s d&rsquo;\u00e9lectricit\u00e9, selon le dernier bilan de l&rsquo;op\u00e9rateur Stromnetz Berlin.\u00a0Les 74 centres de soins concern\u00e9s par la panne ainsi que trois gares du secteur ont \u00e9t\u00e9 reconnect\u00e9es, a pr\u00e9cis\u00e9 la m\u00eame source.<\/p>\n<p>Le r\u00e9tablissement attendu pour jeudi<\/p>\n<p>Alors que les temp\u00e9ratures n\u00e9gatives vont se poursuivre toute la semaine dans la capitale, Stromnetz demande aux foyers r\u00e9aliment\u00e9s de \u00ab limiter pour l&rsquo;instant leur consommation au strict minimum \u00bb, et d&rsquo;\u00e9viter les appareils fortement consommateurs.<\/p>\n<p>Des dizaines de groupes \u00e9lectrog\u00e8nes de secours, fournis par d&rsquo;autres gestionnaires r\u00e9gionaux allemands, des pompiers d&rsquo;une autre r\u00e9gion ou l&rsquo;arm\u00e9e, ont \u00e9t\u00e9 mobilis\u00e9s. Outre des b\u00e2timents publics comme les mairies de district, un bus \u00e9tait toujours r\u00e9quisitionn\u00e9 pour servir d&rsquo;abri chaud aux personnes touch\u00e9es. Le r\u00e9tablissement complet du courant est attendu pour jeudi.<\/p>\n","protected":false},"excerpt":{"rendered":"Le parquet f\u00e9d\u00e9ral allemand, comp\u00e9tent pour l&rsquo;antiterrorisme, a annonc\u00e9 ce mardi se saisir de l&rsquo;enqu\u00eate sur la coupure&hellip;\n","protected":false},"author":2,"featured_media":645364,"comment_status":"","ping_status":"","sticky":false,"template":"","format":"standard","meta":{"footnotes":""},"categories":[1587],"tags":[11,672,1804,271,1805,272,1803,893,1777,674,274,107,329,1801,12,1802,1254],"class_list":{"0":"post-645363","1":"post","2":"type-post","3":"status-publish","4":"format-standard","5":"has-post-thumbnail","7":"category-allemagne","8":"tag-actualites","9":"tag-allemagne","10":"tag-bundesrepublik-deutschland","11":"tag-crime","12":"tag-de","13":"tag-delit-et-contravention","14":"tag-deutschland","15":"tag-energie","16":"tag-eu","17":"tag-europe","18":"tag-faits-divers-justice","19":"tag-fil-info","20":"tag-france-monde","21":"tag-germany","22":"tag-news","23":"tag-republique-federale-dallemagne","24":"tag-terrorisme"},"share_on_mastodon":{"url":"https:\/\/pubeurope.com\/@fr\/115849648165898006","error":""},"_links":{"self":[{"href":"https:\/\/www.europesays.com\/fr\/wp-json\/wp\/v2\/posts\/645363","targetHints":{"allow":["GET"]}}],"collection":[{"href":"https:\/\/www.europesays.com\/fr\/wp-json\/wp\/v2\/posts"}],"about":[{"href":"https:\/\/www.europesays.com\/fr\/wp-json\/wp\/v2\/types\/post"}],"author":[{"embeddable":true,"href":"https:\/\/www.europesays.com\/fr\/wp-json\/wp\/v2\/users\/2"}],"replies":[{"embeddable":true,"href":"https:\/\/www.europesays.com\/fr\/wp-json\/wp\/v2\/comments?post=645363"}],"version-history":[{"count":0,"href":"https:\/\/www.europesays.com\/fr\/wp-json\/wp\/v2\/posts\/645363\/revisions"}],"wp:featuredmedia":[{"embeddable":true,"href":"https:\/\/www.europesays.com\/fr\/wp-json\/wp\/v2\/media\/645364"}],"wp:attachment":[{"href":"https:\/\/www.europesays.com\/fr\/wp-json\/wp\/v2\/media?parent=645363"}],"wp:term":[{"taxonomy":"category","embeddable":true,"href":"https:\/\/www.europesays.com\/fr\/wp-json\/wp\/v2\/categories?post=645363"},{"taxonomy":"post_tag","embeddable":true,"href":"https:\/\/www.europesays.com\/fr\/wp-json\/wp\/v2\/tags?post=645363"}],"curies":[{"name":"wp","href":"https:\/\/api.w.org\/{rel}","templated":true}]}}