{"id":645375,"date":"2026-01-06T18:53:12","date_gmt":"2026-01-06T18:53:12","guid":{"rendered":"https:\/\/www.europesays.com\/fr\/645375\/"},"modified":"2026-01-06T18:53:12","modified_gmt":"2026-01-06T18:53:12","slug":"trois-francais-au-depart-des-cartes-du-liv-golf","status":"publish","type":"post","link":"https:\/\/www.europesays.com\/fr\/645375\/","title":{"rendered":"Trois Fran\u00e7ais au d\u00e9part des Cartes du LIV Golf"},"content":{"rendered":"<p>Arriv\u00e9 le 8 d\u00e9cembre en Floride, Pierre Pineau, 26 ans, de nouveau coach\u00e9 par <strong>Guillaume Biaugeaud<\/strong> apr\u00e8s une ann\u00e9e infructueuse en compagnie de <strong>Kenny Le Sager<\/strong>, est l\u2019un des trois Fran\u00e7ais en lice cette semaine. Rel\u00e9gu\u00e9 sur l\u2019<strong>HotelPlanner Tour<\/strong> cette ann\u00e9e apr\u00e8s avoir fini 181e de la Race to Dubai, le Normand s&rsquo;offre une chance, avec ces Cartes du LIV Golf, de redonner un certain relief \u00e0 sa carri\u00e8re professionnelle. \u00a0\u00a0<\/p>\n<p><strong>Qu\u2019est-ce qui vous a pouss\u00e9 \u00e0 vous inscrire \u00e0 ces Cartes du LIV Golf\u00a0?<\/strong><br \/>Si j\u2019avais conserv\u00e9 ma carte du Tour europ\u00e9en, je n\u2019aurais pas particip\u00e9 \u00e0 ce LIV Golf Promotions. H\u00e9las, j\u2019ai perdu mon droit de jeu pour 2026. Je vais retourner sur l\u2019HotelPlanner Tour cette ann\u00e9e. Et puis c\u2019est un choix pour esp\u00e9rer avoir une vraie vie. Sur l\u2019HotelPlanner Tour, on ne vit pas. On ne peut pas vivre avec les gains de la deuxi\u00e8me division europ\u00e9enne. En tant que joueur du Tour europ\u00e9en et de l\u2019HotelPlanner Tour, je sais que \u00e7a peut ne pas \u00eatre tr\u00e8s bien vu [de prendre le d\u00e9part de ces Cartes]. C\u2019est le circuit concurrent, m\u00eame si on dit que les joueurs du LIV peuvent venir jouer sur le DP World Tour. Des gars qui prennent les places dans le champ de joueurs qui viennent des Cartes ou de l\u2019HotelPlanner Tour, moi \u00e7a m\u2019avait fait c\u2026 l\u2019an pass\u00e9.<\/p>\n<p><strong>Comment abordez-vous ce format o\u00f9 lors des deux premiers jours, les r\u00e9sultats seront \u00e0 chaque fois remis \u00e0 z\u00e9ro avant les 36 trous du week-end\u00a0?<\/strong><br \/>J\u2019ai jou\u00e9 au Black Diamond Ranch il y a un mois. C\u2019est perdu un peu au milieu de nulle part, mais le parcours est super. Sur le format, qui est un peu bizarre c\u2019est vrai, si tu joues -3 ou -8, \u00e7a n\u2019a pas trop d\u2019importance. Il ne faut pas sous-jouer, mais il faut \u00eatre quand m\u00eame un peu agressif. Il faudra juste jouer le mieux possible.<\/p>\n<p><strong>Au-del\u00e0 des trois places en jeu pour int\u00e9grer le LIV Golf en 2026, il y a aussi cette opportunit\u00e9 de jouer les International Series sur l\u2019Asian Tour en finissant dans le top 10 dimanche \u00e0 l\u2019issue du quatri\u00e8me tour\u2026<\/strong><br \/>Ce serait un plus, en effet. Mais je n\u2019irai pas jouer une ann\u00e9e compl\u00e8te sur l\u2019Asian Tour comme l\u2019a fait Julien Sale en 2025. Je n\u2019aime pas l\u2019Asie. Il fait trop chaud, je n\u2019aime pas l&rsquo;herbe sur laquelle on joue, je n\u2019aime pas la vie en g\u00e9n\u00e9ral l\u00e0-bas\u2026 C\u2019est comme \u00e7a. En revanche, je n\u2019h\u00e9siterai pas \u00e0 aller jouer au Maroc ou encore en Arabie saoudite. Si \u00e7a colle avec mon calendrier de l\u2019HotelPlanner Tour, j\u2019irai les jouer tr\u00e8s volontiers. L\u2019Asian Tour, ce n\u2019est pas mon but.<\/p>\n<p><strong>Quel sera votre programme si \u00e7a ne se passe pas bien pour vous cette semaine en Floride\u00a0?<\/strong><br \/>Compte tenu de ma cat\u00e9gorie 11 en 2026, je ne sais pas comment la F\u00e9d\u00e9ration fran\u00e7aise de golf a d\u00e9cid\u00e9 de distribuer les invitations cette ann\u00e9e. Une chose est s\u00fbre, apr\u00e8s les quatre tournois de d\u00e9but de saison en Afrique du Sud, je pourrai tout jouer. Et puis je pense que j\u2019irai aussi jouer plusieurs tournois du Circuit fran\u00e7ais comme l\u2019Omnium de la Riviera, l&rsquo;Open PGA France de Mont-de-Marsan, etc.\u00a0Je ne vais pas rester sept semaines sans rien faire\u00a0!<\/p>\n","protected":false},"excerpt":{"rendered":"Arriv\u00e9 le 8 d\u00e9cembre en Floride, Pierre Pineau, 26 ans, de nouveau coach\u00e9 par Guillaume Biaugeaud apr\u00e8s une&hellip;\n","protected":false},"author":2,"featured_media":645376,"comment_status":"","ping_status":"","sticky":false,"template":"","format":"standard","meta":{"footnotes":""},"categories":[1418],"tags":[1011,27,1472,60],"class_list":{"0":"post-645375","1":"post","2":"type-post","3":"status-publish","4":"format-standard","5":"has-post-thumbnail","7":"category-golf","8":"tag-fr","9":"tag-france","10":"tag-golf","11":"tag-sports"},"share_on_mastodon":{"url":"https:\/\/pubeurope.com\/@fr\/115849671618264675","error":""},"_links":{"self":[{"href":"https:\/\/www.europesays.com\/fr\/wp-json\/wp\/v2\/posts\/645375","targetHints":{"allow":["GET"]}}],"collection":[{"href":"https:\/\/www.europesays.com\/fr\/wp-json\/wp\/v2\/posts"}],"about":[{"href":"https:\/\/www.europesays.com\/fr\/wp-json\/wp\/v2\/types\/post"}],"author":[{"embeddable":true,"href":"https:\/\/www.europesays.com\/fr\/wp-json\/wp\/v2\/users\/2"}],"replies":[{"embeddable":true,"href":"https:\/\/www.europesays.com\/fr\/wp-json\/wp\/v2\/comments?post=645375"}],"version-history":[{"count":0,"href":"https:\/\/www.europesays.com\/fr\/wp-json\/wp\/v2\/posts\/645375\/revisions"}],"wp:featuredmedia":[{"embeddable":true,"href":"https:\/\/www.europesays.com\/fr\/wp-json\/wp\/v2\/media\/645376"}],"wp:attachment":[{"href":"https:\/\/www.europesays.com\/fr\/wp-json\/wp\/v2\/media?parent=645375"}],"wp:term":[{"taxonomy":"category","embeddable":true,"href":"https:\/\/www.europesays.com\/fr\/wp-json\/wp\/v2\/categories?post=645375"},{"taxonomy":"post_tag","embeddable":true,"href":"https:\/\/www.europesays.com\/fr\/wp-json\/wp\/v2\/tags?post=645375"}],"curies":[{"name":"wp","href":"https:\/\/api.w.org\/{rel}","templated":true}]}}