{"id":645389,"date":"2026-01-06T19:05:11","date_gmt":"2026-01-06T19:05:11","guid":{"rendered":"https:\/\/www.europesays.com\/fr\/645389\/"},"modified":"2026-01-06T19:05:11","modified_gmt":"2026-01-06T19:05:11","slug":"il-sait-faire-monter-la-mayonnaise-comme-personne","status":"publish","type":"post","link":"https:\/\/www.europesays.com\/fr\/645389\/","title":{"rendered":"Il sait faire monter la mayonnaise comme personne"},"content":{"rendered":"<p>Par <a class=\"author_recette\" id=\"author_name\" href=\"https:\/\/www.nextplz.fr\/auteur\/laurent-fourviere\" target=\"_blank\" rel=\"noopener\">Laurent<br \/>\nFourvi\u00e8re<\/a> &#8211;<br \/>\nPubli\u00e9 le 06 Jan 2026 \u00e0<br \/>\n18:00<\/p>\n<p class=\"article-intro excerpt\">Lors d\u2019un r\u00e9cent entretien, Cyril<br \/>\nF\u00e9raud n\u2019a pas h\u00e9sit\u00e9 \u00e0 se confier et \u00e0 vanter les talents de Cyril<br \/>\nHanouna.\u00a0<\/p>\n<p>Cyril F\u00e9raud a termin\u00e9 l\u2019ann\u00e9e 2025 avec une excellente<br \/>\nnouvelle. Le 22 d\u00e9cembre dernier, l\u2019animateur a \u00e9t\u00e9 sacr\u00e9 animateur<br \/>\npr\u00e9f\u00e9r\u00e9 des Fran\u00e7ais. Un titre que le papa de Tim a d\u00e9croch\u00e9 pour<br \/>\nla premi\u00e8re fois. Pour r\u00e9aliser ce classement, TV Magazine a<br \/>\ninterrog\u00e9 un \u00e9chantillon impressionnant. D\u2019ailleurs, dans les<br \/>\ncolonnes de nos confr\u00e8res, Cyril F\u00e9raud n\u2019a pas cach\u00e9 sa joie.<br \/>\n\u201c<strong>J\u2019ai \u00e9t\u00e9 sonn\u00e9<\/strong>. \u00c7a m\u2019a touch\u00e9 en<br \/>\nplein c\u0153ur et j\u2019ai mis une journ\u00e9e \u00e0 m\u2019en remettre ! <strong>Il n\u2019y<br \/>\na pas de plus belle r\u00e9compense<\/strong> que celle-l\u00e0 : \u00eatre choisi<br \/>\npar le public comme personnalit\u00e9 t\u00e9l\u00e9 pr\u00e9f\u00e9r\u00e9e en France !\u201d,<br \/>\na-t-il d\u00e9clar\u00e9. Une nouvelle avec une saveur particuli\u00e8re pour<br \/>\nl\u2019animateur qui est parvenu \u00e0 s\u2019imposer devant des figures comme<br \/>\nNikos Aliagas, Faustine Bollaert, Olivier Minne ou encore Cyril<br \/>\nHanouna.<\/p>\n<p>L\u2019animateur en<br \/>\ntoute franchise sur ses confr\u00e8res<\/p>\n<p>Pour Cyril F\u00e9raud, ce sacre est la preuve qu\u2019il est parvenu \u00e0 se<br \/>\nfaire une place dans le c\u0153ur du public. Une reconnaissance qui n\u2019a<br \/>\npas laiss\u00e9 <a href=\"https:\/\/www.nextplz.fr\/people\/524762-cyril-feraud-40-ans-sans-filtre-sur-sa-vie-privee-javais-tellement-envie\" target=\"_blank\" rel=\"noopener\"><br \/>\nle papa de Tim<\/a> indiff\u00e9rent. Raison pour laquelle il n\u2019a pas<br \/>\nh\u00e9sit\u00e9 \u00e0 remercier toutes les personnes qui le suivent au<br \/>\nquotidien. Lors de son entretien, l\u2019animateur a \u00e9galement eu une<br \/>\npens\u00e9e pour les animateurs qui le suivent au classement.<\/p>\n<p>\u201c<strong>J\u2019ai<\/strong> <strong>beaucoup d\u2019estime<br \/>\npour Nikos<\/strong> qui incarne, selon moi, l\u2019\u00e9l\u00e9gance \u00e0<br \/>\nla t\u00e9l\u00e9. Je ne suis pas surpris que Julien Courbet soit sur le<br \/>\npodium, car il aide les Fran\u00e7ais depuis des ann\u00e9es et il a cette<br \/>\nr\u00e9elle proximit\u00e9 avec eux. <strong>Olivier Minne, c\u2019est<br \/>\nmon ami<\/strong> et je suis ravi que sa nouvelle aventure<br \/>\nsur M6 soit couronn\u00e9e de succ\u00e8s\u201d, a-t-il confi\u00e9. Par la suite,<br \/>\nCyril F\u00e9raud a \u00e9galement eu quelques mots pour Cyril Hanouna, qui a<br \/>\ntermin\u00e9 \u00e0 la 6 place du classement. \u201c<strong>Cyril Hanouna,<br \/>\nc\u2019est<\/strong> <strong>un g\u00e9nie du direct<\/strong><br \/>\nen plus d\u2019\u00eatre quelqu\u2019un que j\u2019aime beaucoup. <strong>Pour moi,<br \/>\npersonne ne sait faire ce qu\u2019il fait \u00e0 la t\u00e9l\u00e9 !<\/strong>\u201d,<br \/>\na-t-il r\u00e9v\u00e9l\u00e9.<\/p>\n<p>Cyril F\u00e9raud fait<br \/>\nles \u00e9loges de Cyril Hanouna<\/p>\n<p>Lors d\u2019un entretien dans l\u2019\u00e9mission Buzz TV, Cyril F\u00e9raud est<br \/>\nrevenu sur son titre d\u2019animateur pr\u00e9f\u00e9r\u00e9 des Fran\u00e7ais. Mais c\u2019\u00e9tait<br \/>\naussi l\u2019occasion pour Nicolas Vollaire de questionner le papa de<br \/>\nTim sur le classement de Cyril Hanouna. Une position qui devrait<br \/>\nfaire plaisir au pr\u00e9sentateur de TBT9. Car, \u201cc\u00a0\u00bbest son meilleur<br \/>\nclassement \u00e0 ce jour, <strong>il n&rsquo;a jamais \u00e9t\u00e9 aussi bien<br \/>\nclass\u00e9<\/strong>\u201d, comme le pr\u00e9cise le journaliste.<\/p>\n<p>Une mont\u00e9e dans le classement qui serait d\u00fb \u00e0 la migration de<br \/>\nl\u2019animateur sur W9 d\u2019apr\u00e8s ce dernier. Et il faut dire que beaucoup<br \/>\nne sont pas d\u2019accord avec cela. Ce n\u2019est un secret pour personne,<br \/>\n<strong>Cyril Hanouna n\u2019a pas que des amis dans le monde de la<br \/>\nt\u00e9l\u00e9vision.<\/strong> Ce qui n\u2019est absolument pas le cas de Cyril<br \/>\nF\u00e9raud. En effet, <a href=\"https:\/\/www.nextplz.fr\/people\/524988-laveu-choc-de-cyril-feraud-sur-son-pere-disparu-depuis-quil-nest-plus-la\" target=\"_blank\" rel=\"noopener\"><br \/>\ncelui qui \u00e9voqu\u00e9 la dispartion de son p\u00e8re<\/a> a de l\u2019estime pour<br \/>\nl\u2019animateur de TBT9. D\u2019ailleurs, il ne l\u2019a pas cach\u00e9 :<br \/>\n\u201c<strong>Il a une esp\u00e8ce de g\u00e9nie pour le direct, pour g\u00e9rer<br \/>\nl&rsquo;instant pr\u00e9sent.<\/strong> L&rsquo;improvisation, casser son conducteur,<br \/>\nr\u00e9agir, il sait distribuer la parole, il sait faire monter la<br \/>\nmayonnaise comme personne\u201d, a-t-il confi\u00e9.<\/p>\n<p>\u201cJ&rsquo;ai<br \/>\nl&rsquo;impression que tout \u00e7a est plus serein\u201d<\/p>\n<p>Par la suite, Cyril F\u00e9raud n\u2019a pas cach\u00e9 sa joie \u00e0 l\u2019id\u00e9e de<br \/>\nvoir que Cyril Hanouna n\u2019est plus associ\u00e9 \u00e0 de nombreuses<br \/>\npol\u00e9miques comme c\u2019\u00e9tait le cas lorsqu\u2019il \u00e9tait sur C8. \u201cL\u00e0 o\u00f9<br \/>\nje suis content, c&rsquo;est qu&rsquo;<strong>en arrivant sur W9, j&rsquo;ai<br \/>\nl&rsquo;impression que tout \u00e7a est plus serein<\/strong>\u201d, a-t-il<br \/>\nd\u00e9clar\u00e9. Avant de poursuivre : \u201cIl faisait du tr\u00e8s bon boulot<br \/>\navant. <strong>Il y a eu des moments un peu compliqu\u00e9s<\/strong>\u2026<br \/>\nDes clashs, des pol\u00e9miques, des sanctions, des d\u00e9rapages, il faut<br \/>\nappeler \u00e7a comme \u00e7a.\u201d Et de conclure : \u201cMaintenant, je<br \/>\nsuis ravi pour lui, c&rsquo;est quelqu&rsquo;un que j&rsquo;aime beaucoup, qui a<br \/>\ntoujours \u00e9t\u00e9 l\u00e0 pour moi aussi, m\u00eame dans les moments pas simples,<br \/>\ndans les moments difficiles. <strong>Il a su envoyer des textos au<br \/>\nbon moment, etc&#8230; et je ne l&rsquo;oublie pas<\/strong>.\u201d Des mots<br \/>\nqui devraient faire plaisir \u00e0 Cyril Hanouna.<\/p>\n","protected":false},"excerpt":{"rendered":"Par Laurent Fourvi\u00e8re &#8211; Publi\u00e9 le 06 Jan 2026 \u00e0 18:00 Lors d\u2019un r\u00e9cent entretien, Cyril F\u00e9raud n\u2019a&hellip;\n","protected":false},"author":2,"featured_media":645390,"comment_status":"","ping_status":"","sticky":false,"template":"","format":"standard","meta":{"footnotes":""},"categories":[1356],"tags":[21303,58,59,1011,27,252,65861,1364],"class_list":{"0":"post-645389","1":"post","2":"type-post","3":"status-publish","4":"format-standard","5":"has-post-thumbnail","7":"category-television","8":"tag-buzz_nonli","9":"tag-divertissement","10":"tag-entertainment","11":"tag-fr","12":"tag-france","13":"tag-television","14":"tag-trend","15":"tag-tv"},"share_on_mastodon":{"url":"https:\/\/pubeurope.com\/@fr\/115849718998249657","error":""},"_links":{"self":[{"href":"https:\/\/www.europesays.com\/fr\/wp-json\/wp\/v2\/posts\/645389","targetHints":{"allow":["GET"]}}],"collection":[{"href":"https:\/\/www.europesays.com\/fr\/wp-json\/wp\/v2\/posts"}],"about":[{"href":"https:\/\/www.europesays.com\/fr\/wp-json\/wp\/v2\/types\/post"}],"author":[{"embeddable":true,"href":"https:\/\/www.europesays.com\/fr\/wp-json\/wp\/v2\/users\/2"}],"replies":[{"embeddable":true,"href":"https:\/\/www.europesays.com\/fr\/wp-json\/wp\/v2\/comments?post=645389"}],"version-history":[{"count":0,"href":"https:\/\/www.europesays.com\/fr\/wp-json\/wp\/v2\/posts\/645389\/revisions"}],"wp:featuredmedia":[{"embeddable":true,"href":"https:\/\/www.europesays.com\/fr\/wp-json\/wp\/v2\/media\/645390"}],"wp:attachment":[{"href":"https:\/\/www.europesays.com\/fr\/wp-json\/wp\/v2\/media?parent=645389"}],"wp:term":[{"taxonomy":"category","embeddable":true,"href":"https:\/\/www.europesays.com\/fr\/wp-json\/wp\/v2\/categories?post=645389"},{"taxonomy":"post_tag","embeddable":true,"href":"https:\/\/www.europesays.com\/fr\/wp-json\/wp\/v2\/tags?post=645389"}],"curies":[{"name":"wp","href":"https:\/\/api.w.org\/{rel}","templated":true}]}}