{"id":645393,"date":"2026-01-06T19:07:10","date_gmt":"2026-01-06T19:07:10","guid":{"rendered":"https:\/\/www.europesays.com\/fr\/645393\/"},"modified":"2026-01-06T19:07:10","modified_gmt":"2026-01-06T19:07:10","slug":"les-echos-du-passe-de-mascha-schilinski-un-film-fascinant-sur-la-transmission-des-traumas-telerama","status":"publish","type":"post","link":"https:\/\/www.europesays.com\/fr\/645393\/","title":{"rendered":"\u201cLes \u00c9chos du pass\u00e9\u201d, de Mascha Schilinski : un film fascinant sur la transmission des traumas &#8211; T\u00e9l\u00e9rama"},"content":{"rendered":"<ol>\n<li><a href=\"https:\/\/news.google.com\/rss\/articles\/CBMi0gFBVV95cUxQUzBRQlFVbG9SbTlzcDQ0RmdFQlJrODVjYTgwMVhjaDU0bzVqN21oYnc3ZWdIWVZ0QTlHT1dMeGZKZDJzUm1MZWxQV25PU2p2ckhLWHpHNmZpalBCSWRVYmRmMl9NQnRxWmEtNV93WEh3Z2lta2RzT1hUOHppMnJwMG1RQW9HQm82d21mLWJKelBhZmZOU2t1MzQwVC1ocWhsdWY1N0xoY19rdUNVb3BsQkw4MTdsR2prbE5UUmhqZGRtcWdMMWlnTDhCRTBTdjRSMGc?oc=5\" target=\"_blank\" rel=\"noopener\">\u201cLes \u00c9chos du pass\u00e9\u201d, de Mascha Schilinski : un film fascinant sur la transmission des traumas<\/a>&nbsp;&nbsp;T\u00e9l\u00e9rama<\/li>\n<li><a href=\"https:\/\/news.google.com\/rss\/articles\/CBMisgFBVV95cUxPV0Z2WTFIWkFPRzdhYnFTenlpaVhuaVc2NEQ5SzNVY3M4Yk5fUURQV1ZraE5QSmljTDFvYWhvQThmWVVvb0JGSVlIZ3lUQXNHaU1WaDk3eFFwU0VOZDRuZVZoQ2hyd0xzb1NQYUFadFVZRkpPSFZMUTNTNUlLU3pRTDkxS2U3SHRsby1PRmZ6TFZVeVVHbXBRcUJtTmJESU94SE82dVlqOHIycWJGVk1QVnNR?oc=5\" target=\"_blank\" rel=\"noopener\">\u00ab Les \u00c9chos du pass\u00e9 \u00bb, une fresque macabre de quatre g\u00e9n\u00e9rations de femmes<\/a>&nbsp;&nbsp;La Croix<\/li>\n<li><a href=\"https:\/\/news.google.com\/rss\/articles\/CBMiywFBVV95cUxOd1B3TDdYLVdSSlhhOGsydFpEeUFIei1BOGdVLXJCOHhacHk2ajZXWlZjbnhZcVhacl9UUVhrZVFBc3pCdENkNjVqS2RlNFZlM1RNdXBlRGhCcy1xRWJxck5Rb0lSTHJUdFM0X0NmWXBSQW1FVUNqU3d1NWJjWTUtckxmMy1adWpyUm5RVkhpMGNCalVwUXdNeGdWbnJ0a1o4ZmtXZnBFYUt6cDhpY2ZNR0pRbmx0MXBNY3VkR280X0FpVFlUT2VCRGd6dw?oc=5\" target=\"_blank\" rel=\"noopener\">\u00ab Les \u00c9chos du pass\u00e9 \u00bb : cette condition f\u00e9minine que les d\u00e9cennies n\u2019effacent pas<\/a>&nbsp;&nbsp;La Voix du Nord<\/li>\n<li><a href=\"https:\/\/news.google.com\/rss\/articles\/CBMizwFBVV95cUxPTklNZ0o2ZmZmb3pFczE3a1pUTkZST0ctcHVlazJuTHZtMWcxLUIyR0ZsTGkwMm91aTFUOWo0WlpVWkQzOUtuQ1JjeGZvVHNTOVpJakRtdHpFN21ZMloweVluU2tRRnd0Zk5mUnhJWVdhWFdpeXIyTDB1c001dkIzNnFBQW1ETE90c0hIdEx2QUdMMWtJMnZrSS0yMzZGZTFmWmdEZDB5YThZb21GbVFDd2psc1FscVlENkNpX29ZNXBORTVKN3RFSnVCN0huWTg?oc=5\" target=\"_blank\" rel=\"noopener\">Mascha Schilinski : \u201cJ\u2019\u00e9tais \u00e0 la recherche d\u2019une forme d\u2019expression, le cin\u00e9ma \u00e9tait l\u00e0\u201d<\/a>&nbsp;&nbsp;Les Inrocks<\/li>\n<li><a href=\"https:\/\/news.google.com\/rss\/articles\/CBMimwJBVV95cUxPYXV4NkNNSFpTeXgyRkNobWVSNWd0aTVYaUxzV3RmMUttMWVoczdqTW9VQXFGVllFd0Nsd0FvRm9NenFDTm5iZU1HLWozRkN5ZUZmQm5HeTdhWVNfNlRzcEtkeXBVWjMwcUdYcjhJeWhMRnVKX2FFbVlXZ3Nhd2ZxbFpwNjRiaEdaeDV2MWI5ZHFwRXZEZkFsMi13aGR0LWM0b2tWa0E3U3hsdlJxS0k4VHV0SFJCMXF4d2VSLVRaaDZCa0lJN0JiaW1vQ1psc0Rmc21NdFBDREY1TkprRm92SjAwLW9FZGVWVlczLXFOc216YWU1S2NwU1V3SFV0amVlaTNPWEhsaXNDanVqWUxZQ0FtRE5vQmtGYnRj?oc=5\" target=\"_blank\" rel=\"noopener\">\u00ab\u00a0Les \u00c9chos du pass\u00e9\u00a0\u00bb : un film puissant et po\u00e9tique de la r\u00e9alisatrice allemande Mascha Schilinski sur la condition f\u00e9minine<\/a>&nbsp;&nbsp;France Info<\/li>\n<\/ol>\n","protected":false},"excerpt":{"rendered":"\u201cLes \u00c9chos du pass\u00e9\u201d, de Mascha Schilinski : un film fascinant sur la transmission des traumas&nbsp;&nbsp;T\u00e9l\u00e9rama \u00ab Les&hellip;\n","protected":false},"author":2,"featured_media":645394,"comment_status":"","ping_status":"","sticky":false,"template":"","format":"standard","meta":{"footnotes":""},"categories":[1354],"tags":[58,59,1346,1011,27,1360],"class_list":{"0":"post-645393","1":"post","2":"type-post","3":"status-publish","4":"format-standard","5":"has-post-thumbnail","7":"category-films","8":"tag-divertissement","9":"tag-entertainment","10":"tag-films","11":"tag-fr","12":"tag-france","13":"tag-movies"},"share_on_mastodon":{"url":"https:\/\/pubeurope.com\/@fr\/115849726818136232","error":""},"_links":{"self":[{"href":"https:\/\/www.europesays.com\/fr\/wp-json\/wp\/v2\/posts\/645393","targetHints":{"allow":["GET"]}}],"collection":[{"href":"https:\/\/www.europesays.com\/fr\/wp-json\/wp\/v2\/posts"}],"about":[{"href":"https:\/\/www.europesays.com\/fr\/wp-json\/wp\/v2\/types\/post"}],"author":[{"embeddable":true,"href":"https:\/\/www.europesays.com\/fr\/wp-json\/wp\/v2\/users\/2"}],"replies":[{"embeddable":true,"href":"https:\/\/www.europesays.com\/fr\/wp-json\/wp\/v2\/comments?post=645393"}],"version-history":[{"count":0,"href":"https:\/\/www.europesays.com\/fr\/wp-json\/wp\/v2\/posts\/645393\/revisions"}],"wp:featuredmedia":[{"embeddable":true,"href":"https:\/\/www.europesays.com\/fr\/wp-json\/wp\/v2\/media\/645394"}],"wp:attachment":[{"href":"https:\/\/www.europesays.com\/fr\/wp-json\/wp\/v2\/media?parent=645393"}],"wp:term":[{"taxonomy":"category","embeddable":true,"href":"https:\/\/www.europesays.com\/fr\/wp-json\/wp\/v2\/categories?post=645393"},{"taxonomy":"post_tag","embeddable":true,"href":"https:\/\/www.europesays.com\/fr\/wp-json\/wp\/v2\/tags?post=645393"}],"curies":[{"name":"wp","href":"https:\/\/api.w.org\/{rel}","templated":true}]}}