{"id":645395,"date":"2026-01-06T19:08:11","date_gmt":"2026-01-06T19:08:11","guid":{"rendered":"https:\/\/www.europesays.com\/fr\/645395\/"},"modified":"2026-01-06T19:08:11","modified_gmt":"2026-01-06T19:08:11","slug":"etes-vous-concerne-par-cette-maladie","status":"publish","type":"post","link":"https:\/\/www.europesays.com\/fr\/645395\/","title":{"rendered":"\u00eates-vous concern\u00e9 par cette maladie ?"},"content":{"rendered":"<p>En ce d\u00e9but d\u2019ann\u00e9e 2026, alors que l\u2019hiver bat son plein et que le froid sollicite nos organismes, nous sommes nombreux \u00e0 surveiller les virus saisonniers. Pourtant, un danger plus sournois menace le souffle de millions de Fran\u00e7ais. Vous \u00eates <strong>essouffl\u00e9<\/strong> apr\u00e8s avoir mont\u00e9 deux \u00e9tages ou vous tra\u00eenez une \u00ab petite toux de fumeur \u00bb depuis des ann\u00e9es ? Si vous mettez ces d\u00e9sagr\u00e9ments sur le compte de l\u2019\u00e2ge, du manque de sport ou de la cigarette, d\u00e9trompez-vous : vos poumons sont peut-\u00eatre en train de crier \u00e0 l\u2019aide en silence. Derri\u00e8re ces <a href=\"https:\/\/sciencepost.fr\/curage-nez-ne-provoque-pas-maladie-d-alzheimer\/\" target=\"_blank\" rel=\"noopener\">sympt\u00f4mes<\/a> \u00e0 premi\u00e8re vue banals se cache souvent une pathologie insidieuse, largement sous-estim\u00e9e, qui grignote progressivement votre capacit\u00e9 respiratoire.<\/p>\n<p>Plus qu\u2019un simple essoufflement : quand les bronches se transforment en pi\u00e8ge<\/p>\n<p>Il est crucial de comprendre ce qui se joue \u00e0 l\u2019int\u00e9rieur de notre thorax. Cette maladie, nomm\u00e9e <strong>Broncho-Pneumopathie Chronique Obstructive<\/strong> (ou BPCO), ne se r\u00e9sume pas \u00e0 une simple g\u00eane passag\u00e8re. C\u2019est une maladie respiratoire chronique caract\u00e9ris\u00e9e par une obstruction lente, progressive et surtout irr\u00e9versible des voies a\u00e9riennes. Concr\u00e8tement, le calibre des bronches se r\u00e9duit, emp\u00eachant l\u2019air de circuler librement, un peu comme un tuyau entartr\u00e9 qui laisserait passer de moins en moins d\u2019eau.<\/p>\n<p>Contrairement \u00e0 l\u2019asthme, qui proc\u00e8de par crises souvent r\u00e9versibles (spontan\u00e9ment ou sous traitement), la BPCO installe une <strong>obstruction permanente<\/strong>. L\u2019erreur commune est de confondre cet \u00e9tat avec un simple manque d\u2019endurance. On se dit que l\u2019on vieillit, que l\u2019on s\u2019emp\u00e2te, alors qu\u2019en r\u00e9alit\u00e9, les poumons perdent leur \u00e9lasticit\u00e9 et leur capacit\u00e9 \u00e0 oxyg\u00e9ner l\u2019organisme.<\/p>\n<p>La cigarette au banc des accus\u00e9s, mais pas seulement !<\/p>\n<p>Le tabac est l\u2019ennemi public num\u00e9ro un de vos poumons. Dans la grande majorit\u00e9 des cas, le tabagisme, qu\u2019il soit actif ou <strong>passif<\/strong>, est la cause majeure de cette destruction pulmonaire. Les substances toxiques de la fum\u00e9e cr\u00e9ent une inflammation constante qui finit par <a href=\"https:\/\/sciencepost.fr\/faut-il-considerer-obesite-comme-une-maladie\/\" target=\"_blank\" rel=\"noopener\">d\u00e9truire les alv\u00e9oles<\/a>, ces petits sacs o\u00f9 se font les \u00e9changes gazeux vitaux.<\/p>\n<p>Cependant, il serait r\u00e9ducteur de penser que seuls les fumeurs sont concern\u00e9s. D\u2019autres ennemis invisibles attaquent notre souffle au quotidien. La pollution atmosph\u00e9rique, bien s\u00fbr, mais aussi la <strong>pollution professionnelle<\/strong> (exposition \u00e0 des poussi\u00e8res de bois, de silice, ou des produits chimiques agricoles) et la pollution domestique jouent un r\u00f4le non n\u00e9gligeable. Pour celles et ceux qui ont \u00e0 c\u0153ur de vivre dans un environnement sain, c\u2019est un rappel de l\u2019importance de la <a href=\"https:\/\/sciencepost.fr\/nouvelle-creme-solaire-qui-reduit-temperature-corps\/\" target=\"_blank\" rel=\"noopener\">qualit\u00e9 de l\u2019air<\/a> que nous respirons, chez nous comme au travail.<\/p>\n<p>Toux matinale et fatigue : ces signaux d\u2019alerte que vous avez tort de banaliser<\/p>\n<p>L\u2019\u00e9coute de son corps est essentielle dans toute d\u00e9marche de pr\u00e9vention. Ici, le signal le plus ignor\u00e9 est la <strong>toux chronique<\/strong>. Beaucoup la consid\u00e8rent comme une \u00ab toilette des bronches \u00bb normale, surtout le matin. Or, une toux quotidienne accompagn\u00e9e d\u2019expectorations (crachats) pendant au moins trois mois par an est tout sauf normale : c\u2019est le signe d\u2019une inflammation install\u00e9e.<\/p>\n<p>L\u2019autre sympt\u00f4me cl\u00e9 est la <strong>dyspn\u00e9e<\/strong> d\u2019effort. Au d\u00e9but, elle ne survient que lors d\u2019efforts intenses, comme courir pour attraper le bus. Puis, insidieusement, elle s\u2019invite dans les activit\u00e9s quotidiennes : monter les courses, faire le m\u00e9nage, ou simplement marcher \u00e0 plat. Quand ces gestes simples deviennent un marathon, il ne faut plus attendre pour s\u2019interroger.<\/p>\n<p>Une \u00e9pid\u00e9mie invisible : pourquoi vous pourriez faire partie des malades qui s\u2019ignorent<\/p>\n<p>Les chiffres sont \u00e9loquents et devraient nous faire r\u00e9fl\u00e9chir : cette pathologie touche environ <strong>10 % de la population adulte<\/strong>. C\u2019est colossal. Pourtant, nous faisons face \u00e0 un v\u00e9ritable ph\u00e9nom\u00e8ne d\u2019iceberg. Une grande majorit\u00e9 des personnes atteintes ne sont pas diagnostiqu\u00e9es, ou alors tr\u00e8s tardivement, \u00e0 un stade o\u00f9 le handicap est d\u00e9j\u00e0 lourd.<\/p>\n<p>Le pi\u00e8ge r\u00e9side dans l\u2019incroyable capacit\u00e9 d\u2019adaptation du corps humain, qui est \u00e0 la fois une force et une faiblesse. Pour \u00e9viter l\u2019essoufflement, le malade va <strong>inconsciemment r\u00e9duire<\/strong> son activit\u00e9 physique. Il marche moins vite, prend l\u2019ascenseur, renonce au jardinage\u2026 Cette s\u00e9dentarit\u00e9 masque le sympt\u00f4me, mais aggrave la maladie en d\u00e9conditionnant les muscles. C\u2019est un cercle vicieux qu\u2019il faut briser.<\/p>\n<p>Souffler pour savoir : le d\u00e9pistage est bien plus simple qu\u2019il n\u2019y para\u00eet<\/p>\n<p>La bonne nouvelle, c\u2019est que d\u00e9tecter cette obstruction est simple, indolore et rapide. L\u2019examen de r\u00e9f\u00e9rence s\u2019appelle la <strong>spirom\u00e9trie<\/strong>. Il consiste simplement \u00e0 souffler le plus fort et le plus longtemps possible dans un appareil qui mesure vos capacit\u00e9s respiratoires. C\u2019est le seul moyen de confirmer le diagnostic pr\u00e9cocement.<\/p>\n<p>Mais quand faut-il consulter ? Si vous avez plus de 40 ans et que vous cumulez des <a href=\"https:\/\/sciencepost.fr\/vous-buvez-du-cafe-cette-etude-vous-concerne\/\" target=\"_blank\" rel=\"noopener\">facteurs de risque<\/a> (tabac actuel ou pass\u00e9, exposition professionnelle) avec des sympt\u00f4mes (toux, essoufflement), parlez-en \u00e0 votre m\u00e9decin traitant. N\u2019attendez pas d\u2019\u00eatre en difficult\u00e9 pour respirer au repos.<\/p>\n<p>Le diagnostic n\u2019est pas une fatalit\u00e9 : bouger pour ne pas s\u2019\u00e9touffer<\/p>\n<p>Recevoir un diagnostic de BPCO peut faire peur, mais c\u2019est aussi le point de d\u00e9part d\u2019une prise en main salutaire. Le premier et le plus puissant des \u00ab m\u00e9dicaments \u00bb reste <strong>l\u2019arr\u00eat total du tabac<\/strong>. C\u2019est l\u2019unique geste qui permet de freiner v\u00e9ritablement le d\u00e9clin de la fonction pulmonaire. En ce mois de janvier, propice aux bonnes r\u00e9solutions, c\u2019est peut-\u00eatre le moment id\u00e9al pour se faire accompagner dans cette d\u00e9marche.<\/p>\n<p>Ensuite, contre toute attente, il faut <strong>bouger<\/strong>. L\u2019activit\u00e9 physique adapt\u00e9e (marche, v\u00e9lo, gymnastique douce) est essentielle pour r\u00e9entra\u00eener les muscles \u00e0 consommer moins d\u2019oxyg\u00e8ne et r\u00e9duire l\u2019essoufflement. Des traitements inhal\u00e9s (bronchodilatateurs) existent \u00e9galement pour ouvrir les bronches et limiter les \u00e9pisodes de surinfection hivernale qui fragilisent les poumons.<\/p>\n<p>Ne laissez pas la BPCO avoir le dernier mot sur votre qualit\u00e9 de vie<\/p>\n<p>Il est crucial de retenir qu\u2019une prise en charge pr\u00e9coce modifie radicalement le pronostic. Plus la maladie est d\u00e9tect\u00e9e t\u00f4t, plus il est facile de maintenir une vie normale et active. Il ne s\u2019agit pas de r\u00e9cup\u00e9rer ce qui est perdu, mais de <strong>pr\u00e9server<\/strong> pr\u00e9cieusement votre capital pulmonaire restant.<\/p>\n<p>Alors, si vous vous reconnaissez dans ces lignes, ou si vous identifiez un proche qui s\u2019essouffle \u00ab\u00a0un peu trop\u00a0\u00bb vite, n\u2019h\u00e9sitez pas \u00e0 aborder le sujet. Un simple test de souffle peut permettre de r\u00e9agir avant qu\u2019il ne soit trop tard. Apr\u00e8s tout, respirer \u00e0 pleins poumons constitue le fondement m\u00eame de notre bien-\u00eatre.<\/p>\n","protected":false},"excerpt":{"rendered":"En ce d\u00e9but d\u2019ann\u00e9e 2026, alors que l\u2019hiver bat son plein et que le froid sollicite nos organismes,&hellip;\n","protected":false},"author":2,"featured_media":645396,"comment_status":"","ping_status":"","sticky":false,"template":"","format":"standard","meta":{"footnotes":""},"categories":[10],"tags":[1011,27,72,71],"class_list":{"0":"post-645395","1":"post","2":"type-post","3":"status-publish","4":"format-standard","5":"has-post-thumbnail","7":"category-sante","8":"tag-fr","9":"tag-france","10":"tag-health","11":"tag-sante"},"share_on_mastodon":{"url":"https:\/\/pubeurope.com\/@fr\/115849730783359424","error":""},"_links":{"self":[{"href":"https:\/\/www.europesays.com\/fr\/wp-json\/wp\/v2\/posts\/645395","targetHints":{"allow":["GET"]}}],"collection":[{"href":"https:\/\/www.europesays.com\/fr\/wp-json\/wp\/v2\/posts"}],"about":[{"href":"https:\/\/www.europesays.com\/fr\/wp-json\/wp\/v2\/types\/post"}],"author":[{"embeddable":true,"href":"https:\/\/www.europesays.com\/fr\/wp-json\/wp\/v2\/users\/2"}],"replies":[{"embeddable":true,"href":"https:\/\/www.europesays.com\/fr\/wp-json\/wp\/v2\/comments?post=645395"}],"version-history":[{"count":0,"href":"https:\/\/www.europesays.com\/fr\/wp-json\/wp\/v2\/posts\/645395\/revisions"}],"wp:featuredmedia":[{"embeddable":true,"href":"https:\/\/www.europesays.com\/fr\/wp-json\/wp\/v2\/media\/645396"}],"wp:attachment":[{"href":"https:\/\/www.europesays.com\/fr\/wp-json\/wp\/v2\/media?parent=645395"}],"wp:term":[{"taxonomy":"category","embeddable":true,"href":"https:\/\/www.europesays.com\/fr\/wp-json\/wp\/v2\/categories?post=645395"},{"taxonomy":"post_tag","embeddable":true,"href":"https:\/\/www.europesays.com\/fr\/wp-json\/wp\/v2\/tags?post=645395"}],"curies":[{"name":"wp","href":"https:\/\/api.w.org\/{rel}","templated":true}]}}