{"id":645403,"date":"2026-01-06T19:12:12","date_gmt":"2026-01-06T19:12:12","guid":{"rendered":"https:\/\/www.europesays.com\/fr\/645403\/"},"modified":"2026-01-06T19:12:12","modified_gmt":"2026-01-06T19:12:12","slug":"figure-de-lere-covid-en-france-jerome-salomon-rejoint-le-prive-chez-zoi-apres-un-passage-a-loms-06-01-2026-a-1547","status":"publish","type":"post","link":"https:\/\/www.europesays.com\/fr\/645403\/","title":{"rendered":"Figure de l&rsquo;\u00e8re Covid en France, J\u00e9rome Salomon rejoint le priv\u00e9 chez Zo\u00ef apr\u00e8s un passage \u00e0 l&rsquo;OMS &#8211; 06\/01\/2026 \u00e0 15:47"},"content":{"rendered":"<p> L&rsquo;ex-patron de la Direction g\u00e9n\u00e9rale de la Sant\u00e9 avait \u00e9t\u00e9 projet\u00e9 en pleine lumi\u00e8re lors de l&rsquo;\u00e9clatement de la crise du coronavirus, en 2020.<\/p>\n<p>        <img decoding=\"async\" src=\"https:\/\/www.europesays.com\/fr\/wp-content\/uploads\/2026\/01\/14dc1ff679171da6ff393a3cea53bbfd-760x507.jpg\" alt=\"J\u00e9r\u00f4me Salomon \u00e9tait devenu un visage familier du public par ses points-presse r\u00e9guliers dans les premi\u00e8res semaines de la crise du Covid-19 (illustration) ( POOL \/ GEOFFROY VAN DER HASSELT )\" loading=\"eager\" fetchpriority=\"high\" width=\"760\" height=\"507\" style=\"max-width: 100%!important; height: auto;\"\/><\/p>\n<p class=\"c-image-news__legend\">J\u00e9r\u00f4me Salomon \u00e9tait devenu un visage familier du public par ses points-presse r\u00e9guliers dans les premi\u00e8res semaines de la crise du Covid-19 (illustration) ( POOL \/ GEOFFROY VAN DER HASSELT )<\/p>\n<p>\n Ancien directeur g\u00e9n\u00e9ral de la Sant\u00e9 et visage connu du grand public lors des ann\u00e9es Covid-19 en France, J\u00e9r\u00f4me Salomon va rejoindre la startup de check-ups m\u00e9dicaux personnalis\u00e9s Zo\u00ef, fond\u00e9e par Isma\u00ebl Emelien, ancien conseiller d&rsquo;Emmanuel Macron, a annonc\u00e9 mardi 6 janvier la soci\u00e9t\u00e9.<br \/>\n <strong><br \/>\n  \u00ab\u00a0J\u00e9r\u00f4me Salomon aura pour mission de consolider la gouvernance m\u00e9dicale de Zo\u012b et d\u2019en garantir le niveau d&rsquo;exigence et de robustesse scientifique\u00a0\u00bb,<br \/>\n <\/strong><br \/>\n a d\u00e9taill\u00e9 Zo\u00ef dans un communiqu\u00e9.\n<\/p>\n<p>\n De 2018 \u00e0 2023, J\u00e9r\u00f4me Salomon a \u00e9t\u00e9 \u00e0 la t\u00eate de la Direction g\u00e9n\u00e9rale de la Sant\u00e9 (DGS), charg\u00e9e de la mise en oeuvre concr\u00e8te des d\u00e9cisions prises par l&rsquo;Etat en mati\u00e8re de sant\u00e9. A ce titre, il reste l&rsquo;un des principaux visages fran\u00e7ais de la crise du Covid, au d\u00e9but des ann\u00e9es 2020. Le directeur g\u00e9n\u00e9ral de la Sant\u00e9 \u00e9tait, ainsi, devenu l&rsquo;une des personnalit\u00e9s publiques de la crise sanitaire \u00e0 c\u00f4t\u00e9 des ministres de la Sant\u00e9 de l&rsquo;\u00e9poque, Agn\u00e8s Buzin, puis, tr\u00e8s rapidement, Olivier V\u00e9ran.\n<\/p>\n<p> Une start-up cofond\u00e9e par un ancien conseiller du pr\u00e9sident Macron<\/p>\n<p>\n Le r\u00f4le de J\u00e9r\u00f4me Salomon dans la gestion de la pand\u00e9mie avait fait l&rsquo;objet de certaines critiques, une commission de s\u00e9nateurs l&rsquo;accusant notamment d&rsquo;\u00eatre en partie responsable d&rsquo;insuffisances dans la strat\u00e9gie de lutte contre le Covid. Epid\u00e9miologiste de formation, J\u00e9r\u00f4me Salomon avait quitt\u00e9 son poste en 2023, rejoignant l&rsquo;Organisation mondiale de la Sant\u00e9 (OMS) en qualit\u00e9 de sous-directeur g\u00e9n\u00e9ral.  Il passe donc d\u00e9sormais dans le secteur priv\u00e9 en prenant des responsabilit\u00e9 chez Zo\u00ef, une startup cr\u00e9\u00e9e en 2021, cofond\u00e9e par Isma\u00ebl Emelien, ancien conseiller sp\u00e9cial du pr\u00e9sident Emmanuel Macron, et Paul Dupuy, cofondateur du groupe Workwell.\n<\/p>\n<p>\n Zo\u00ef indique miser sur une m\u00e9decine pr\u00e9ventive personnalis\u00e9e en alliant sciences des donn\u00e9es et sciences comportementales. Dans les faits, elle propose notamment des bilans de sant\u00e9 haut de gamme, dont le prix s&rsquo;\u00e9chelonne d&rsquo;un \u00e0 plusieurs milliers d&rsquo;euros. La jeune pousse a ouvert un premier centre au coeur de Paris, entre la place Vend\u00f4me et celle de l&rsquo;Op\u00e9ra, et envisage, selon son site internet, \u00ab\u00a0d\u2019ouvrir d\u2019autres centres de check-up, en particulier hors de France\u00a0\u00bb. En 2022, la soci\u00e9t\u00e9 avait lev\u00e9 20 millions d&rsquo;euros aupr\u00e8s de plusieurs investisseurs parmi lesquels St\u00e9phane Bancel, PDG de la biotech Moderna, pionni\u00e8re de l&rsquo;ARN messager, ainsi que Xavier Niel, fondateur du groupe Iliad ou encore le PDG de l&rsquo;armateur CMA CGM Rodolphe Saad\u00e9.<\/p>\n","protected":false},"excerpt":{"rendered":"L&rsquo;ex-patron de la Direction g\u00e9n\u00e9rale de la Sant\u00e9 avait \u00e9t\u00e9 projet\u00e9 en pleine lumi\u00e8re lors de l&rsquo;\u00e9clatement de&hellip;\n","protected":false},"author":2,"featured_media":645404,"comment_status":"","ping_status":"","sticky":false,"template":"","format":"standard","meta":{"footnotes":""},"categories":[6],"tags":[400,398,408,35,405,33,34,1011,27,403,402,399,404,401,406,407],"class_list":{"0":"post-645403","1":"post","2":"type-post","3":"status-publish","4":"format-standard","5":"has-post-thumbnail","7":"category-economie","8":"tag-action-cac-40","9":"tag-bourse-de-paris","10":"tag-boursorama","11":"tag-business","12":"tag-cotations","13":"tag-economie","14":"tag-economy","15":"tag-fr","16":"tag-france","17":"tag-indices-devises","18":"tag-investir","19":"tag-investissement","20":"tag-marche-boursier","21":"tag-sicav","22":"tag-trackers","23":"tag-warrants"},"share_on_mastodon":{"url":"https:\/\/pubeurope.com\/@fr\/115849746536981859","error":""},"_links":{"self":[{"href":"https:\/\/www.europesays.com\/fr\/wp-json\/wp\/v2\/posts\/645403","targetHints":{"allow":["GET"]}}],"collection":[{"href":"https:\/\/www.europesays.com\/fr\/wp-json\/wp\/v2\/posts"}],"about":[{"href":"https:\/\/www.europesays.com\/fr\/wp-json\/wp\/v2\/types\/post"}],"author":[{"embeddable":true,"href":"https:\/\/www.europesays.com\/fr\/wp-json\/wp\/v2\/users\/2"}],"replies":[{"embeddable":true,"href":"https:\/\/www.europesays.com\/fr\/wp-json\/wp\/v2\/comments?post=645403"}],"version-history":[{"count":0,"href":"https:\/\/www.europesays.com\/fr\/wp-json\/wp\/v2\/posts\/645403\/revisions"}],"wp:featuredmedia":[{"embeddable":true,"href":"https:\/\/www.europesays.com\/fr\/wp-json\/wp\/v2\/media\/645404"}],"wp:attachment":[{"href":"https:\/\/www.europesays.com\/fr\/wp-json\/wp\/v2\/media?parent=645403"}],"wp:term":[{"taxonomy":"category","embeddable":true,"href":"https:\/\/www.europesays.com\/fr\/wp-json\/wp\/v2\/categories?post=645403"},{"taxonomy":"post_tag","embeddable":true,"href":"https:\/\/www.europesays.com\/fr\/wp-json\/wp\/v2\/tags?post=645403"}],"curies":[{"name":"wp","href":"https:\/\/api.w.org\/{rel}","templated":true}]}}