{"id":645411,"date":"2026-01-06T19:16:11","date_gmt":"2026-01-06T19:16:11","guid":{"rendered":"https:\/\/www.europesays.com\/fr\/645411\/"},"modified":"2026-01-06T19:16:11","modified_gmt":"2026-01-06T19:16:11","slug":"loire-avec-une-reference-au-nazisme-un-adjoint-a-la-mairie-de-saint-etienne-derape-sur-les-reseaux-sociaux","status":"publish","type":"post","link":"https:\/\/www.europesays.com\/fr\/645411\/","title":{"rendered":"Loire. Avec une r\u00e9f\u00e9rence au nazisme, un adjoint \u00e0 la mairie de Saint-Etienne d\u00e9rape sur les r\u00e9seaux sociaux"},"content":{"rendered":"<p>Cette fois, l\u2019adjoint au maire Jean-Pierre Kotchian est all\u00e9 trop loin. Sur sa page Facebook, l\u2019\u00e9lu st\u00e9phanois a l\u2019habitude de commenter l\u2019actualit\u00e9.\u00a0Il d\u00e9plore le bilan de la nuit de la Saint-Sylvestre et les plus de 1\u00a0100 v\u00e9hicules br\u00fbl\u00e9s dans le pays. \u00ab\u00a0Le Ministre de l\u2019int\u00e9rieur a dit que par rapport \u00e0 l\u2019an dernier, il y avait eu moins de violence. Bof, dans quel monde il vit celui-ci\u00a0?\u00a0\u00bb Ou s\u2019insurge contre une pub de La Croix-Rouge qui appelle aux dons.<\/p>\n<p>  \u00ab\u00a0Non tonton Adolphe n\u2019est pas mort\u00a0\u00bb<\/p>\n<p>Mais c\u2019est une autre de ses publications qui a choqu\u00e9. En fin de semaine derni\u00e8re, Jean-Pierre Kotchian a relay\u00e9 un post d\u2019<a href=\"https:\/\/www.leprogres.fr\/p\/eric-ciotti\" target=\"_blank\" rel=\"noopener\">\u00c9ric Ciotti<\/a> critiquant une r\u00e9forme vot\u00e9e avec le budget de la S\u00e9curit\u00e9 sociale et qui va limiter le cumul emploi-retraite.<\/p>\n<p>M\u00e9content que le gouvernement s\u2019en prenne aux retrait\u00e9s, le treizi\u00e8me adjoint au maire, en charge de la circulation, s\u2019est fendu d\u2019un commentaire douteux. \u00ab\u00a0\u00c9videmment, on va encore taper dans les retraites et interdire aux gens qui ont travaill\u00e9 toute leur vie, et qui ne peuvent pas subvenir \u00e0 leurs besoins par leur pension restreinte, de se trouver un petit emploi. C\u2019est du despotisme rien d\u2019autre, non tonton Adolphe ou Adolf n\u2019est pas mort.\u00a0\u00bb<\/p>\n<p>Convoquer un dictateur nazi qui a men\u00e9 \u00e0 la mort plus de 6\u00a0millions de personnes juives dans une r\u00e9flexion portant sur les retraites para\u00eet pour le moins d\u00e9plac\u00e9, voire totalement hors de propos. Qu\u2019a-t-il bien pu se passer dans la t\u00eate de l\u2019adjoint\u00a0?<\/p>\n<p>  Des propos \u00ab\u00a0inacceptables\u00a0\u00bb pour Lionel Boucher<\/p>\n<p>L\u2019\u00e9lu d\u2019opposition Lionel Boucher ne se l\u2019explique pas et demande des comptes. \u00ab\u00a0Je condamne avec la plus grande fermet\u00e9 la tenue ou la promotion de propos \u00e0 caract\u00e8re n\u00e9gationniste ou pr\u00e9sentant toute forme de banalisation de la barbarie nazie, d\u2019autant plus inacceptables de la part d\u2019un \u00e9lu\u00a0\u00bb, \u00e9crit-il sur sa page Facebook, invitant le maire et le premier adjoint \u00ab\u00a0\u00e0 condamner solennellement\u00a0\u00bb ces propos.<\/p>\n<p>Ce contenu est bloqu\u00e9 car vous n&rsquo;avez pas accept\u00e9 les cookies et autres traceurs.<\/p>\n<p>En cliquant sur \u00ab J\u2019accepte \u00bb, les cookies et autres traceurs seront d\u00e9pos\u00e9s et vous pourrez visualiser les contenus  (<a href=\"\" class=\"consentModule_policy\" target=\"_blank\" title=\"Consulter la politique de protection des donn\u00e9es du fournisseur\">plus d&rsquo;informations<\/a>).<\/p>\n<p>En cliquant sur \u00ab J\u2019accepte tous les cookies \u00bb, vous autorisez des d\u00e9p\u00f4ts de cookies et autres traceurs pour le stockage de vos donn\u00e9es sur nos sites et applications \u00e0 des fins de personnalisation et de ciblage publicitaire.<\/p>\n<p class=\"consentModule_secondaryText\">Vous gardez la possibilit\u00e9 de retirer votre consentement \u00e0 tout moment en consultant notre <a href=\"https:\/\/www.leprogres.fr\/protection-des-donnees\" target=\"_blank\" title=\"Consulter notre politique de protection des donn\u00e9es\" rel=\"noopener\">politique de protection des donn\u00e9es<\/a>. <br \/>&#13;<br \/>\n            <a href=\"https:\/\/www.leprogres.fr\/politique\/2026\/01\/07\/javascript:Didomi.notice.show()\" class=\"consentModule_cmp\" target=\"_blank\" rel=\"noopener\">G\u00e9rer mes choix<\/a>&#13;\n        <\/p>\n<p>&#13;<br \/>\n                        J&rsquo;accepte&#13;<br \/>\n            J&rsquo;accepte tous les cookies&#13;\n        <\/p>\n<p>Trente minutes plus tard, par commentaire interpos\u00e9, <a href=\"https:\/\/www.leprogres.fr\/p\/marc-chassaubene\" target=\"_blank\" rel=\"noopener\">Marc Chassaub\u00e9n\u00e9<\/a> s\u2019est exprim\u00e9 en son nom et celui de <a href=\"https:\/\/www.leprogres.fr\/p\/jean-pierre-berger\" target=\"_blank\" rel=\"noopener\">Jean-Pierre Berger<\/a>. \u00ab\u00a0Nous confirmons que la comparaison faite est clairement outranci\u00e8re et que nous ne pouvons pas la cautionner\u00a0\u00bb, a r\u00e9agi le premier adjoint, sans incriminer plus que cela l\u2019auteur de ces propos. \u00ab\u00a0En revanche, accuser M. Kotchian de \u201cn\u00e9gationnisme\u201d rel\u00e8ve d\u2019un proc\u00e9d\u00e9 manipulatoire et d\u2019une d\u00e9formation volontaire de son intention. Nous appelons chacun \u00e0 garder la mesure de ses propos et de ses analogies. Toutes ces consid\u00e9rations n\u2019ont \u00e9videmment aucun rapport avec les heures les plus sombres de notre histoire.\u00a0\u00bb<\/p>\n<p>Le principal int\u00e9ress\u00e9 a lui-m\u00eame r\u00e9pondu \u00e0 Lionel Boucher et pr\u00e9sent\u00e9 ses excuses. \u00ab\u00a0Je pense que mes propos ont mal \u00e9t\u00e9 interpr\u00e9t\u00e9s, tout simplement, pourquoi les retrait\u00e9s seraient en ligne de mire\u00a0? Voil\u00e0, c\u2019est tout ce que je voulais dire. Maintenant, si j\u2019ai offusqu\u00e9 certaines personnes je m\u2019en excuse.\u00a0\u00bb La publication, elle, a \u00e9t\u00e9 retir\u00e9e.<\/p>\n","protected":false},"excerpt":{"rendered":"Cette fois, l\u2019adjoint au maire Jean-Pierre Kotchian est all\u00e9 trop loin. Sur sa page Facebook, l\u2019\u00e9lu st\u00e9phanois a&hellip;\n","protected":false},"author":2,"featured_media":645412,"comment_status":"","ping_status":"","sticky":false,"template":"","format":"standard","meta":{"footnotes":""},"categories":[9653],"tags":[1111,11,2430,1984,7539,1777,674,107,1011,27,3367,12,316,25,4001,7538],"class_list":{"0":"post-645411","1":"post","2":"type-post","3":"status-publish","4":"format-standard","5":"has-post-thumbnail","7":"category-saint-etienne","8":"tag-actu","9":"tag-actualites","10":"tag-auvergne-rhone-alpes","11":"tag-conseil-municipal","12":"tag-edition-loire-sud","13":"tag-eu","14":"tag-europe","15":"tag-fil-info","16":"tag-fr","17":"tag-france","18":"tag-loire","19":"tag-news","20":"tag-politique","21":"tag-republique-francaise","22":"tag-saint-etienne","23":"tag-saint-etienne-ville"},"share_on_mastodon":{"url":"https:\/\/pubeurope.com\/@fr\/115849762166108088","error":""},"_links":{"self":[{"href":"https:\/\/www.europesays.com\/fr\/wp-json\/wp\/v2\/posts\/645411","targetHints":{"allow":["GET"]}}],"collection":[{"href":"https:\/\/www.europesays.com\/fr\/wp-json\/wp\/v2\/posts"}],"about":[{"href":"https:\/\/www.europesays.com\/fr\/wp-json\/wp\/v2\/types\/post"}],"author":[{"embeddable":true,"href":"https:\/\/www.europesays.com\/fr\/wp-json\/wp\/v2\/users\/2"}],"replies":[{"embeddable":true,"href":"https:\/\/www.europesays.com\/fr\/wp-json\/wp\/v2\/comments?post=645411"}],"version-history":[{"count":0,"href":"https:\/\/www.europesays.com\/fr\/wp-json\/wp\/v2\/posts\/645411\/revisions"}],"wp:featuredmedia":[{"embeddable":true,"href":"https:\/\/www.europesays.com\/fr\/wp-json\/wp\/v2\/media\/645412"}],"wp:attachment":[{"href":"https:\/\/www.europesays.com\/fr\/wp-json\/wp\/v2\/media?parent=645411"}],"wp:term":[{"taxonomy":"category","embeddable":true,"href":"https:\/\/www.europesays.com\/fr\/wp-json\/wp\/v2\/categories?post=645411"},{"taxonomy":"post_tag","embeddable":true,"href":"https:\/\/www.europesays.com\/fr\/wp-json\/wp\/v2\/tags?post=645411"}],"curies":[{"name":"wp","href":"https:\/\/api.w.org\/{rel}","templated":true}]}}