{"id":645417,"date":"2026-01-06T19:19:18","date_gmt":"2026-01-06T19:19:18","guid":{"rendered":"https:\/\/www.europesays.com\/fr\/645417\/"},"modified":"2026-01-06T19:19:18","modified_gmt":"2026-01-06T19:19:18","slug":"une-deuxieme-liaison-ferroviaire-nancy","status":"publish","type":"post","link":"https:\/\/www.europesays.com\/fr\/645417\/","title":{"rendered":"Une deuxi\u00e8me liaison ferroviaire Nancy"},"content":{"rendered":"<p><img decoding=\"async\" src=\"https:\/\/www.europesays.com\/fr\/wp-content\/uploads\/2026\/01\/csm_2025-12-14-train-nancy-lyon_75509a8179.jpg\" class=\"mr-3\" title=\"\" alt=\"\" style=\"width:100%;height:auto;\" align=\"left\"\/><\/p>\n<p>Cette nouvelle rotation, act\u00e9e par le conseil m\u00e9tropolitain du 6 novembre dernier,<strong> permet de partir le soir de Nancy pour rejoindre Lyon en un peu plus de 4 heures<\/strong>, ou de revenir dans la m\u00eame journ\u00e9e.<\/p>\n<p>Comme le premier train remis en service, ce Nancy\u2013Lyon du soir desservira toutes les gares interm\u00e9diaires du trajet et sera assur\u00e9 par des rames Regio 2N mises \u00e0 disposition par la R\u00e9gion Grand Est.<\/p>\n<p>Cette deuxi\u00e8me liaison renforce la connectivit\u00e9 de Nancy, offrant plus de flexibilit\u00e9 aux voyageurs et soutenant le d\u00e9veloppement \u00e9conomique et touristique de notre m\u00e9tropole.<\/p>\n","protected":false},"excerpt":{"rendered":"Cette nouvelle rotation, act\u00e9e par le conseil m\u00e9tropolitain du 6 novembre dernier, permet de partir le soir de&hellip;\n","protected":false},"author":2,"featured_media":645418,"comment_status":"","ping_status":"","sticky":false,"template":"","format":"standard","meta":{"footnotes":""},"categories":[9635],"tags":[1111,11,1777,674,1011,27,775,1702,12,25],"class_list":{"0":"post-645417","1":"post","2":"type-post","3":"status-publish","4":"format-standard","5":"has-post-thumbnail","7":"category-nancy","8":"tag-actu","9":"tag-actualites","10":"tag-eu","11":"tag-europe","12":"tag-fr","13":"tag-france","14":"tag-grand-est","15":"tag-nancy","16":"tag-news","17":"tag-republique-francaise"},"share_on_mastodon":{"url":"https:\/\/pubeurope.com\/@fr\/115849773952660720","error":""},"_links":{"self":[{"href":"https:\/\/www.europesays.com\/fr\/wp-json\/wp\/v2\/posts\/645417","targetHints":{"allow":["GET"]}}],"collection":[{"href":"https:\/\/www.europesays.com\/fr\/wp-json\/wp\/v2\/posts"}],"about":[{"href":"https:\/\/www.europesays.com\/fr\/wp-json\/wp\/v2\/types\/post"}],"author":[{"embeddable":true,"href":"https:\/\/www.europesays.com\/fr\/wp-json\/wp\/v2\/users\/2"}],"replies":[{"embeddable":true,"href":"https:\/\/www.europesays.com\/fr\/wp-json\/wp\/v2\/comments?post=645417"}],"version-history":[{"count":0,"href":"https:\/\/www.europesays.com\/fr\/wp-json\/wp\/v2\/posts\/645417\/revisions"}],"wp:featuredmedia":[{"embeddable":true,"href":"https:\/\/www.europesays.com\/fr\/wp-json\/wp\/v2\/media\/645418"}],"wp:attachment":[{"href":"https:\/\/www.europesays.com\/fr\/wp-json\/wp\/v2\/media?parent=645417"}],"wp:term":[{"taxonomy":"category","embeddable":true,"href":"https:\/\/www.europesays.com\/fr\/wp-json\/wp\/v2\/categories?post=645417"},{"taxonomy":"post_tag","embeddable":true,"href":"https:\/\/www.europesays.com\/fr\/wp-json\/wp\/v2\/tags?post=645417"}],"curies":[{"name":"wp","href":"https:\/\/api.w.org\/{rel}","templated":true}]}}