{"id":64542,"date":"2025-04-30T14:04:15","date_gmt":"2025-04-30T14:04:15","guid":{"rendered":"https:\/\/www.europesays.com\/fr\/64542\/"},"modified":"2025-04-30T14:04:15","modified_gmt":"2025-04-30T14:04:15","slug":"le-reseau-tcl-ne-fonctionne-pas-ce-1er-mai","status":"publish","type":"post","link":"https:\/\/www.europesays.com\/fr\/64542\/","title":{"rendered":"le r\u00e9seau TCL ne fonctionne pas ce 1er mai"},"content":{"rendered":"<p>\t\t\t\t\t\t\t\t\t\t\t<img loading=\"lazy\" decoding=\"async\" width=\"1110\" title=\"Lyon : le r\u00e9seau TCL ne fonctionne pas ce 1er mai\" class=\"img-fluid not_lzld mb-3\" src=\"https:\/\/www.europesays.com\/fr\/wp-content\/uploads\/2025\/04\/1110x624_lyon-le-reseau-tcl-ne-fonctionne-pas-ce-1er-mai_6812260953a6d.webp\" alt=\"Lyon : le r\u00e9seau TCL ne fonctionne pas ce 1er mai\" itemprop=\"image\" height=\"624\"\/>\t\t\t\t\t\t\t\t\t\t\t\t<\/p>\n<p>Photo d&rsquo;illustration &#8211; Radio Espace<\/p>\n<p itemprop=\"description\"><strong>Le r\u00e9seau TCL sera \u00e0 l\u2019arr\u00eat ce jeudi 1er mai \u00e0 Lyon comme c\u2019est traditionnellement le cas.<\/strong><\/p>\n<p>Les usagers des quatre lignes du m\u00e9tro, des funiculaires, des trams ou encore des bus devront marcher, prendre un v\u00e9lo ou m\u00eame la voiture pour se d\u00e9placer dans les rues de l\u2019agglom\u00e9ration lyonnaise.<\/p>\n<p>A noter que la desserte de l\u2019a\u00e9roport Saint-Exup\u00e9ry sera assur\u00e9e par des bus relais alors que le T3, le T7 et le Rh\u00f4nexpress ne circulent plus depuis le 19 avril dans le cadre de travaux. La reprise normale du trafic est d\u2019ailleurs pr\u00e9vue le 8 mai.<\/p>\n<p>Le r\u00e9seau TCL fonctionnera de nouveau normalement ce vendredi 2 mai.<\/p>\n","protected":false},"excerpt":{"rendered":"Photo d&rsquo;illustration &#8211; Radio Espace Le r\u00e9seau TCL sera \u00e0 l\u2019arr\u00eat ce jeudi 1er mai \u00e0 Lyon comme&hellip;\n","protected":false},"author":2,"featured_media":64543,"comment_status":"","ping_status":"","sticky":false,"template":"","format":"standard","meta":{"footnotes":""},"categories":[1889],"tags":[1111,11,2430,650,7734,2889,2263,386,1777,674,1011,27,6417,1114,4662,2428,12,3725,1825,10688,25,2429],"class_list":{"0":"post-64542","1":"post","2":"type-post","3":"status-publish","4":"format-standard","5":"has-post-thumbnail","7":"category-lyon","8":"tag-actu","9":"tag-actualites","10":"tag-auvergne-rhone-alpes","11":"tag-cinema","12":"tag-ecoute","13":"tag-emission","14":"tag-equipe","15":"tag-espace","16":"tag-eu","17":"tag-europe","18":"tag-fr","19":"tag-france","20":"tag-information","21":"tag-infos","22":"tag-journal","23":"tag-lyon","24":"tag-news","25":"tag-podcast","26":"tag-radio","27":"tag-radioespace","28":"tag-republique-francaise","29":"tag-rhone"},"share_on_mastodon":{"url":"https:\/\/pubeurope.com\/@fr\/114427295437771350","error":""},"_links":{"self":[{"href":"https:\/\/www.europesays.com\/fr\/wp-json\/wp\/v2\/posts\/64542","targetHints":{"allow":["GET"]}}],"collection":[{"href":"https:\/\/www.europesays.com\/fr\/wp-json\/wp\/v2\/posts"}],"about":[{"href":"https:\/\/www.europesays.com\/fr\/wp-json\/wp\/v2\/types\/post"}],"author":[{"embeddable":true,"href":"https:\/\/www.europesays.com\/fr\/wp-json\/wp\/v2\/users\/2"}],"replies":[{"embeddable":true,"href":"https:\/\/www.europesays.com\/fr\/wp-json\/wp\/v2\/comments?post=64542"}],"version-history":[{"count":0,"href":"https:\/\/www.europesays.com\/fr\/wp-json\/wp\/v2\/posts\/64542\/revisions"}],"wp:featuredmedia":[{"embeddable":true,"href":"https:\/\/www.europesays.com\/fr\/wp-json\/wp\/v2\/media\/64543"}],"wp:attachment":[{"href":"https:\/\/www.europesays.com\/fr\/wp-json\/wp\/v2\/media?parent=64542"}],"wp:term":[{"taxonomy":"category","embeddable":true,"href":"https:\/\/www.europesays.com\/fr\/wp-json\/wp\/v2\/categories?post=64542"},{"taxonomy":"post_tag","embeddable":true,"href":"https:\/\/www.europesays.com\/fr\/wp-json\/wp\/v2\/tags?post=64542"}],"curies":[{"name":"wp","href":"https:\/\/api.w.org\/{rel}","templated":true}]}}