{"id":645421,"date":"2026-01-06T19:22:23","date_gmt":"2026-01-06T19:22:23","guid":{"rendered":"https:\/\/www.europesays.com\/fr\/645421\/"},"modified":"2026-01-06T19:22:23","modified_gmt":"2026-01-06T19:22:23","slug":"positivite-et-proximite-pour-les-voeux-de-midi-libre-aux-acteurs-de-montpellier-et-du-coeur-dherault","status":"publish","type":"post","link":"https:\/\/www.europesays.com\/fr\/645421\/","title":{"rendered":"Positivit\u00e9 et proximit\u00e9 pour les v\u0153ux de Midi Libre aux acteurs de Montpellier et du C\u0153ur d\u2019H\u00e9rault"},"content":{"rendered":"<p>\n                                                                Midi Libre invitait ce mardi matin 6\u00a0janvier les acteurs de Montpellier et du C\u0153ur d\u2019H\u00e9rault \u00e0 une c\u00e9r\u00e9monie de v\u0153ux et d\u2019\u00e9change au si\u00e8ge du journal.\n                            <\/p>\n<p>Une centaine de personnes ont r\u00e9pondu ce mardi matin \u00e0 l\u2019invitation de Midi Libre pour un moment convivial d\u2019\u00e9changes et de v\u0153ux en ce d\u00e9but d\u2019ann\u00e9e 2026. Un rituel mais aussi l\u2019occasion pour Olivier Marino directeur de la r\u00e9daction de rappeler les d\u00e9fis de taille de cette nouvelle ann\u00e9e. Celui des \u00e9lections municipales notamment, \u00ab\u00a0cette \u00e9ch\u00e9ance d\u00e9mocratique majeure qui pour la presse locale est\u00a0un peu notre\u00a0Coupe du monde.\u00a0\u00bb<\/p>\n<p>L\u2019humain et la proximit\u00e9<\/p>\n<p>Olivier Marino a rappel\u00e9 l\u2019ambition des \u00e9quipes de Midi Libre bas\u00e9 sur un mot\u00a0: la relation.\u00a0\u00ab\u00a0Ces derni\u00e8res ann\u00e9es, les m\u00e9dias se sont construits sur l\u2019\u00e9conomie de l\u2019attention. Une course \u00e0 l\u2019audience toujours indispensable car elle soutient notre mod\u00e8le mais face \u00e0 l\u2019av\u00e8nement de l\u2019intelligence artificielle qui peut tout automatiser, ce qui reste irrempla\u00e7able, c\u2019est l\u2019humain et la proximit\u00e9. Cette priorit\u00e9 sera notre boussole pour les \u00e9lections municipales \u00e0 venir. Ce rendez-vous n\u2019est pas qu\u2019une \u00e9ch\u00e9ance \u00e9lectorale. C\u2019est le moment o\u00f9 nos lecteurs, les \u00e9lecteurs se parlent, \u00e9changent pour choisir leur futur maire. Midi Libre en sera l\u2019agora en donnant la parole sur tous nos supports aux habitants de nos villes et nos villages.\u00a0\u00bb<\/p>\n<p>        <img decoding=\"async\" class=\"std-img__img responsive-img\" src=\"https:\/\/www.europesays.com\/fr\/wp-content\/uploads\/2026\/01\/1767727343_46_image.jpg\" alt=\"Olivier Marino, directeur de la r\u00e9daction de Midi Libre.\"\/><\/p>\n<p>                Olivier Marino, directeur de la r\u00e9daction de Midi Libre.<br \/>\n                                    Midi Libre &#8211; JEAN-MICHEL MART<\/p>\n<p>Des propos appuy\u00e9s par Alain Baute, directeur g\u00e9n\u00e9ral d\u00e9l\u00e9gu\u00e9 du groupe qui a incit\u00e9 chacun, malgr\u00e9 les difficult\u00e9s des temps pr\u00e9sents, \u00e0 conserver une n\u00e9cessaire positivit\u00e9.<\/p>\n","protected":false},"excerpt":{"rendered":"Midi Libre invitait ce mardi matin 6\u00a0janvier les acteurs de Montpellier et du C\u0153ur d\u2019H\u00e9rault \u00e0 une c\u00e9r\u00e9monie&hellip;\n","protected":false},"author":2,"featured_media":645422,"comment_status":"","ping_status":"","sticky":false,"template":"","format":"standard","meta":{"footnotes":""},"categories":[9599],"tags":[1111,11,1777,674,1011,27,7089,2208,12,2680,25,1857],"class_list":{"0":"post-645421","1":"post","2":"type-post","3":"status-publish","4":"format-standard","5":"has-post-thumbnail","7":"category-montpellier","8":"tag-actu","9":"tag-actualites","10":"tag-eu","11":"tag-europe","12":"tag-fr","13":"tag-france","14":"tag-herault","15":"tag-montpellier","16":"tag-news","17":"tag-occitanie","18":"tag-republique-francaise","19":"tag-sociu00e9tu00e9"},"share_on_mastodon":{"url":"https:\/\/pubeurope.com\/@fr\/115849785820649390","error":""},"_links":{"self":[{"href":"https:\/\/www.europesays.com\/fr\/wp-json\/wp\/v2\/posts\/645421","targetHints":{"allow":["GET"]}}],"collection":[{"href":"https:\/\/www.europesays.com\/fr\/wp-json\/wp\/v2\/posts"}],"about":[{"href":"https:\/\/www.europesays.com\/fr\/wp-json\/wp\/v2\/types\/post"}],"author":[{"embeddable":true,"href":"https:\/\/www.europesays.com\/fr\/wp-json\/wp\/v2\/users\/2"}],"replies":[{"embeddable":true,"href":"https:\/\/www.europesays.com\/fr\/wp-json\/wp\/v2\/comments?post=645421"}],"version-history":[{"count":0,"href":"https:\/\/www.europesays.com\/fr\/wp-json\/wp\/v2\/posts\/645421\/revisions"}],"wp:featuredmedia":[{"embeddable":true,"href":"https:\/\/www.europesays.com\/fr\/wp-json\/wp\/v2\/media\/645422"}],"wp:attachment":[{"href":"https:\/\/www.europesays.com\/fr\/wp-json\/wp\/v2\/media?parent=645421"}],"wp:term":[{"taxonomy":"category","embeddable":true,"href":"https:\/\/www.europesays.com\/fr\/wp-json\/wp\/v2\/categories?post=645421"},{"taxonomy":"post_tag","embeddable":true,"href":"https:\/\/www.europesays.com\/fr\/wp-json\/wp\/v2\/tags?post=645421"}],"curies":[{"name":"wp","href":"https:\/\/api.w.org\/{rel}","templated":true}]}}