{"id":645431,"date":"2026-01-06T19:27:12","date_gmt":"2026-01-06T19:27:12","guid":{"rendered":"https:\/\/www.europesays.com\/fr\/645431\/"},"modified":"2026-01-06T19:27:12","modified_gmt":"2026-01-06T19:27:12","slug":"grenoble-en-janvier-une-programmation-autour-de-la-folie-a-la-cinematheque","status":"publish","type":"post","link":"https:\/\/www.europesays.com\/fr\/645431\/","title":{"rendered":"Grenoble. En janvier, une programmation autour de la folie \u00e0 la cin\u00e9math\u00e8que"},"content":{"rendered":"<p>\u00ab\u00a0La folie a bon dos pour expliquer sans questionner, pour cat\u00e9goriser sans comprendre\u00a0\u00bb, \u00e9crit Ana\u00efs Truand. \u00c0 travers cette programmation intitul\u00e9e \u201cFolie\u00a0! (Partie 2)\u201d, la Cin\u00e9math\u00e8que invite \u00e0 regarder autrement ce que l\u2019on pr\u00e9f\u00e8re souvent taire ou stigmatiser.<\/p>\n<p>Janvier s\u2019ouvre ainsi sur une figure mythique de l\u2019amour fou, avec Rom\u00e9o +\u00a0Juliette de Baz Luhrmann (le jeudi 8\u00a0janvier au cin\u00e9ma Juliet Berto \u00e0\u00a019\u00a0heures), relecture pop et tragique du texte de Shakespeare. Le mois se poursuivra avec \u201cPsycho killer \u2013 Figures du basculement\u201d, un ensemble de films interrogeant la violence extr\u00eame et ses causes\u00a0: Seven  de David Fincher (le jeudi\u00a015\u00a0janvier \u00e0 19 heures au cin\u00e9ma Juliet Berto), Cure  de Kiyoshi Kurosawa (le jeudi 15\u00a0janvier \u00e0\u00a021\u00a0h\u00a030 au cin\u00e9ma Juliet Berto), C\u2019est arriv\u00e9 pr\u00e8s de chez vous de Belvaux, Bonzel et Poelvoorde (le vendredi 16\u00a0janvier \u00e0\u00a019\u00a0heures au cin\u00e9ma Juliet Berto), Elephant  de Gus Van Sant (le jeudi\u00a022\u00a0janvier \u00e0\u00a019 heures au cin\u00e9ma Juliet Berto), et une \u201ccin\u00e9xp\u00e9rience\u201d autour de Funny Games de Michael Haneke (le vendredi\u00a023\u00a0janvier \u00e0 19 heures au cin\u00e9ma Juliet Berto), projet\u00e9 dans une version originale enrichie de passages du remake am\u00e9ricain. En fin de mois, la Cin\u00e9math\u00e8que s\u2019associera au Maudit festival pour deux soir\u00e9es d\u00e9di\u00e9es aux figures marginales du cin\u00e9ma de genre.<\/p>\n<p>  \u00ab\u00a0Croire que le cin\u00e9ma ne nous regarde pas serait la v\u00e9ritable folie\u00a0\u00bb<\/p>\n<p>F\u00e9vrier poursuit la r\u00e9flexion avec un regard port\u00e9 sur la ville comme espace de tensions et de solitudes, \u00e0 travers un programme de courts m\u00e9trages r\u00e9unissant Maurice Pialat, \u00c9ric Rohmer et Pierre Menahem (5\u00a0f\u00e9vrier). Le 6\u00a0f\u00e9vrier, Les Chevaux de feu de Sergue\u00ef Paradjanov d\u00e9ploie une mise en sc\u00e8ne fi\u00e9vreuse et po\u00e9tique, v\u00e9ritable c\u00e9l\u00e9bration de la vie et de l\u2019amour. Le mois se conclura par un temps fort consacr\u00e9 \u00e0 Juliet Berto, figure libre et indocile du cin\u00e9ma, avec projections, rencontres et un marathon exceptionnel autour de Out 1 de Jacques Rivette (27\u00a0f\u00e9vrier \u2013 1er \u00a0mars).<\/p>\n<p>Plus qu\u2019une programmation, la Cin\u00e9math\u00e8que propose une exp\u00e9rience collective\u00a0: voir ensemble, penser ensemble, et rappeler, comme le souligne Ana\u00efs Truand, que \u00ab\u00a0croire que le cin\u00e9ma ne nous regarde pas serait la v\u00e9ritable folie\u00a0\u00bb.<\/p>\n<p class=\"note\">Programme complet sur <a href=\"https:\/\/www.cinemathequedegrenoble.fr\/uploads\/2025\/12\/programme-jan-mai-web.pdf\" title=\"www.cinemathequedegrenoble.fr\" target=\"_blank\" rel=\"noopener\">https:\/\/www.cinemathequedegrenoble.fr\/uploads\/2025\/12\/programme-jan-mai-web.pdf<\/a><\/p>\n","protected":false},"excerpt":{"rendered":"\u00ab\u00a0La folie a bon dos pour expliquer sans questionner, pour cat\u00e9goriser sans comprendre\u00a0\u00bb, \u00e9crit Ana\u00efs Truand. \u00c0 travers&hellip;\n","protected":false},"author":2,"featured_media":645432,"comment_status":"","ping_status":"","sticky":false,"template":"","format":"standard","meta":{"footnotes":""},"categories":[9566],"tags":[1111,11,2430,650,1687,112,1777,674,1011,27,2731,2732,12,25,104,1631],"class_list":{"0":"post-645431","1":"post","2":"type-post","3":"status-publish","4":"format-standard","5":"has-post-thumbnail","7":"category-grenoble","8":"tag-actu","9":"tag-actualites","10":"tag-auvergne-rhone-alpes","11":"tag-cinema","12":"tag-culture-loisirs","13":"tag-edition-grenoble-agglomeration","14":"tag-eu","15":"tag-europe","16":"tag-fr","17":"tag-france","18":"tag-grenoble","19":"tag-grenoble-bassin","20":"tag-news","21":"tag-republique-francaise","22":"tag-societe","23":"tag-vie-associative"},"share_on_mastodon":{"url":"https:\/\/pubeurope.com\/@fr\/115849805421544831","error":""},"_links":{"self":[{"href":"https:\/\/www.europesays.com\/fr\/wp-json\/wp\/v2\/posts\/645431","targetHints":{"allow":["GET"]}}],"collection":[{"href":"https:\/\/www.europesays.com\/fr\/wp-json\/wp\/v2\/posts"}],"about":[{"href":"https:\/\/www.europesays.com\/fr\/wp-json\/wp\/v2\/types\/post"}],"author":[{"embeddable":true,"href":"https:\/\/www.europesays.com\/fr\/wp-json\/wp\/v2\/users\/2"}],"replies":[{"embeddable":true,"href":"https:\/\/www.europesays.com\/fr\/wp-json\/wp\/v2\/comments?post=645431"}],"version-history":[{"count":0,"href":"https:\/\/www.europesays.com\/fr\/wp-json\/wp\/v2\/posts\/645431\/revisions"}],"wp:featuredmedia":[{"embeddable":true,"href":"https:\/\/www.europesays.com\/fr\/wp-json\/wp\/v2\/media\/645432"}],"wp:attachment":[{"href":"https:\/\/www.europesays.com\/fr\/wp-json\/wp\/v2\/media?parent=645431"}],"wp:term":[{"taxonomy":"category","embeddable":true,"href":"https:\/\/www.europesays.com\/fr\/wp-json\/wp\/v2\/categories?post=645431"},{"taxonomy":"post_tag","embeddable":true,"href":"https:\/\/www.europesays.com\/fr\/wp-json\/wp\/v2\/tags?post=645431"}],"curies":[{"name":"wp","href":"https:\/\/api.w.org\/{rel}","templated":true}]}}